{"id":2968,"date":"2024-04-24T12:54:00","date_gmt":"2024-04-24T10:54:00","guid":{"rendered":"https:\/\/www.tvniederbueren.ch\/tvn\/wp\/?p=2968"},"modified":"2024-04-18T10:22:10","modified_gmt":"2024-04-18T08:22:10","slug":"dae-di-schnaellscht-niederbuerer-in-3","status":"publish","type":"post","link":"http:\/\/www.tvniederbueren.ch\/tvn\/wp\/?p=2968","title":{"rendered":"D\u00e4 \/ Di schn\u00e4llscht Niederb\u00fcrer \/ in"},"content":{"rendered":"\n<p>Wir laden alle Knaben und M\u00e4dchen bis und mit Jahrgang 2009 ganz herzlich zum diesj\u00e4hrigen \u00abd\u00e4 \/ di schn\u00e4llscht Niederb\u00fcrer \/ in\u00bb ein. <br>Der Anlass findet am <strong>Sonntag, 5. Mai 2024<\/strong> anl\u00e4sslich der Kleintierausstellung statt und startet um 14.00 Uhr. Die Teilnahme ist kostenlos.<\/p>\n\n\n\n<p>Die Anmeldungen nehmen wir von 13.00 Uhr bis 13.45 Uhr vor der Turnhalle entgegen. Der Anlass wird bei jedem Wetter durchgef\u00fchrt.<\/p>\n\n\n\n<p>Ein grosses Dankesch\u00f6n geht an unsere Sponsoren:<br>&#8211; B\u00e4ckerei Sch\u00e4fli<br>&#8211; Raiffeisenbank Regio Uzwil<br>&#8211; Volg Niederb\u00fcren<\/p>\n\n\n\n<p>Wir freuen uns auf viele Teilnehmerinnen und Teilnehmer und auf eine grosse Unterst\u00fctzung des Publikums.<\/p>\n\n\n\n<p><em>Turnverein Niederb\u00fcren<\/em><\/p>\n","protected":false},"excerpt":{"rendered":"<p>Wir laden alle Knaben und M\u00e4dchen bis und mit Jahrgang 2009 ganz herzlich zum diesj\u00e4hrigen \u00abd\u00e4 \/ di schn\u00e4llscht Niederb\u00fcrer \/ in\u00bb ein. Der Anlass findet am Sonntag, 5. Mai 2024 anl\u00e4sslich der Kleintierausstellung statt und startet um 14.00 Uhr. &hellip; <a href=\"http:\/\/www.tvniederbueren.ch\/tvn\/wp\/?p=2968\">Weiterlesen <span class=\"meta-nav\">&rarr;<\/span><\/a><\/p>\n","protected":false},"author":6,"featured_media":0,"comment_status":"open","ping_status":"open","sticky":false,"template":"","format":"standard","meta":{"footnotes":""},"categories":[1],"tags":[],"class_list":["post-2968","post","type-post","status-publish","format-standard","hentry","category-tvn"],"_links":{"self":[{"href":"http:\/\/www.tvniederbueren.ch\/tvn\/wp\/index.php?rest_route=\/wp\/v2\/posts\/2968","targetHints":{"allow":["GET"]}}],"collection":[{"href":"http:\/\/www.tvniederbueren.ch\/tvn\/wp\/index.php?rest_route=\/wp\/v2\/posts"}],"about":[{"href":"http:\/\/www.tvniederbueren.ch\/tvn\/wp\/index.php?rest_route=\/wp\/v2\/types\/post"}],"author":[{"embeddable":true,"href":"http:\/\/www.tvniederbueren.ch\/tvn\/wp\/index.php?rest_route=\/wp\/v2\/users\/6"}],"replies":[{"embeddable":true,"href":"http:\/\/www.tvniederbueren.ch\/tvn\/wp\/index.php?rest_route=%2Fwp%2Fv2%2Fcomments&post=2968"}],"version-history":[{"count":2,"href":"http:\/\/www.tvniederbueren.ch\/tvn\/wp\/index.php?rest_route=\/wp\/v2\/posts\/2968\/revisions"}],"predecessor-version":[{"id":2970,"href":"http:\/\/www.tvniederbueren.ch\/tvn\/wp\/index.php?rest_route=\/wp\/v2\/posts\/2968\/revisions\/2970"}],"wp:attachment":[{"href":"http:\/\/www.tvniederbueren.ch\/tvn\/wp\/index.php?rest_route=%2Fwp%2Fv2%2Fmedia&parent=2968"}],"wp:term":[{"taxonomy":"category","embeddable":true,"href":"http:\/\/www.tvniederbueren.ch\/tvn\/wp\/index.php?rest_route=%2Fwp%2Fv2%2Fcategories&post=2968"},{"taxonomy":"post_tag","embeddable":true,"href":"http:\/\/www.tvniederbueren.ch\/tvn\/wp\/index.php?rest_route=%2Fwp%2Fv2%2Ftags&post=2968"}],"curies":[{"name":"wp","href":"https:\/\/api.w.org\/{rel}","templated":true}]}}