{"id":2971,"date":"2024-04-17T21:09:33","date_gmt":"2024-04-17T19:09:33","guid":{"rendered":"https:\/\/www.tvniederbueren.ch\/tvn\/wp\/?p=2971"},"modified":"2024-04-17T21:09:33","modified_gmt":"2024-04-17T19:09:33","slug":"fiirobigcup-startschuss-der-turnfestsaison","status":"publish","type":"post","link":"http:\/\/www.tvniederbueren.ch\/tvn\/wp\/?p=2971","title":{"rendered":"Fiirobigcup &#8211; Startschuss der Turnfestsaison"},"content":{"rendered":"\n<p>Die Trainings f\u00fcr die Turnfester in W\u00fcnnewil und Belp sind in vollem Gange. Fleissig werden die Reckleder montiert, die Aerobicschuhe geschn\u00fcrt und an der Ausf\u00fchrung gefeilt. Besonders f\u00fcr die neu einstudierte Sprung-Nummer wird ge\u00fcbt was das Zeug h\u00e4lt. <br><br>Der erste Auftritt der Saison wird am Fiirobigcup in Engelburg am Freitag, 03. Mai 2024 sein. Dieser Wettkampf bietet den Turnenden die M\u00f6glichkeit das einstudierte Programm bereits vor der Wettkampfsaison unter Probe zu stellen und allf\u00e4llige Anpassungen vorzunehmen.<\/p>\n\n\n\n<p>Zeitplan:<br>18.39 Uhr Teamaerobic<br>19.18 Uhr Sprung<br>20.12 Uhr Barren<br>21.48 Reck<br><br>Adresse:<br>Sportanlage Engelburg<br>St.Gallerstrasse 22<br>9032 Engelburg<br><br>Wir freuen uns \u00fcber eine grosse Unterst\u00fctzung der Zuschauer.<\/p>\n\n\n\n<p><em>Turnverein Niederb\u00fcren<\/em><\/p>\n","protected":false},"excerpt":{"rendered":"<p>Die Trainings f\u00fcr die Turnfester in W\u00fcnnewil und Belp sind in vollem Gange. Fleissig werden die Reckleder montiert, die Aerobicschuhe geschn\u00fcrt und an der Ausf\u00fchrung gefeilt. Besonders f\u00fcr die neu einstudierte Sprung-Nummer wird ge\u00fcbt was das Zeug h\u00e4lt. Der erste &hellip; <a href=\"http:\/\/www.tvniederbueren.ch\/tvn\/wp\/?p=2971\">Weiterlesen <span class=\"meta-nav\">&rarr;<\/span><\/a><\/p>\n","protected":false},"author":6,"featured_media":0,"comment_status":"open","ping_status":"open","sticky":false,"template":"","format":"standard","meta":{"footnotes":""},"categories":[1],"tags":[],"class_list":["post-2971","post","type-post","status-publish","format-standard","hentry","category-tvn"],"_links":{"self":[{"href":"http:\/\/www.tvniederbueren.ch\/tvn\/wp\/index.php?rest_route=\/wp\/v2\/posts\/2971","targetHints":{"allow":["GET"]}}],"collection":[{"href":"http:\/\/www.tvniederbueren.ch\/tvn\/wp\/index.php?rest_route=\/wp\/v2\/posts"}],"about":[{"href":"http:\/\/www.tvniederbueren.ch\/tvn\/wp\/index.php?rest_route=\/wp\/v2\/types\/post"}],"author":[{"embeddable":true,"href":"http:\/\/www.tvniederbueren.ch\/tvn\/wp\/index.php?rest_route=\/wp\/v2\/users\/6"}],"replies":[{"embeddable":true,"href":"http:\/\/www.tvniederbueren.ch\/tvn\/wp\/index.php?rest_route=%2Fwp%2Fv2%2Fcomments&post=2971"}],"version-history":[{"count":1,"href":"http:\/\/www.tvniederbueren.ch\/tvn\/wp\/index.php?rest_route=\/wp\/v2\/posts\/2971\/revisions"}],"predecessor-version":[{"id":2972,"href":"http:\/\/www.tvniederbueren.ch\/tvn\/wp\/index.php?rest_route=\/wp\/v2\/posts\/2971\/revisions\/2972"}],"wp:attachment":[{"href":"http:\/\/www.tvniederbueren.ch\/tvn\/wp\/index.php?rest_route=%2Fwp%2Fv2%2Fmedia&parent=2971"}],"wp:term":[{"taxonomy":"category","embeddable":true,"href":"http:\/\/www.tvniederbueren.ch\/tvn\/wp\/index.php?rest_route=%2Fwp%2Fv2%2Fcategories&post=2971"},{"taxonomy":"post_tag","embeddable":true,"href":"http:\/\/www.tvniederbueren.ch\/tvn\/wp\/index.php?rest_route=%2Fwp%2Fv2%2Ftags&post=2971"}],"curies":[{"name":"wp","href":"https:\/\/api.w.org\/{rel}","templated":true}]}}