{"id":3084,"date":"2024-06-10T18:59:24","date_gmt":"2024-06-10T16:59:24","guid":{"rendered":"https:\/\/www.tvniederbueren.ch\/tvn\/wp\/?p=3084"},"modified":"2024-06-10T19:08:03","modified_gmt":"2024-06-10T17:08:03","slug":"jugitag-2024-in-balgach","status":"publish","type":"post","link":"http:\/\/www.tvniederbueren.ch\/tvn\/wp\/?p=3084","title":{"rendered":"Jugitag 2024 in Balgach"},"content":{"rendered":"\n<p>Noch mit etwas kleinen Augen, aber voller Motivation waren am letzten Sonntag 65 Jugendriegler, ihre Eltern und Leiter in den fr\u00fchen Morgenstunden ready f\u00fcr den Jugitag 2024. Die letzten Informationen wurden auf dem Kirchplatz bekannt gegeben, bevor sich die jungen Sportlerinnen und Sportler nach Balgach aufmachten. Mit den Jugi T-Shirts und viel Elan startete die Jugendriege Niederb\u00fcren um 9.30 Uhr mit dem Sprint. Mit gr\u00f6sster Konzentration und viel Begeisterung absolvierten die Jugelis am Morgen die Leichtathletik Disziplinen. <\/p>\n\n\n\n<!--more-->\n\n\n\n<p>Nach der St\u00e4rkung mit Spaghetti fanden am Nachmittag die beliebten Gruppenwettk\u00e4mpfe statt. Die Niederb\u00fcrer Jugelis spurteten in der Pendelstafette hin und her und wurden tatkr\u00e4ftig von ihren Fans angefeuert. Mit stolzen 16 Medaillen im Einzelwettkampf, vier Podestpl\u00e4tzen im Gruppenwettkampf und vielen weiteren ausgezeichneten Leistungen machten sich die Jugendriegler und Leiter um 16.30 Uhr m\u00fcde, aber sehr zufrieden und voller stolz wieder auf den nach Hause weg.<\/p>\n\n\n\n<div class=\"alignnormal\"><div id=\"metaslider-id-3086\" style=\"max-width: 700px;\" class=\"ml-slider-3-104-0 metaslider metaslider-flex metaslider-3086 ml-slider has-dots-nav ms-theme-default\" role=\"region\" aria-label=\"Jugitag 2024\" data-height=\"380\" data-width=\"700\">\n    <div id=\"metaslider_container_3086\">\n        <div id=\"metaslider_3086\">\n            <ul class='slides'>\n                <li style=\"display: block; width: 100%;\" class=\"slide-3091 ms-image \" aria-roledescription=\"slide\" data-date=\"2024-06-10 19:03:45\" data-filename=\"Jugitag1.jpg\" data-slide-type=\"image\"><img loading=\"lazy\" decoding=\"async\" width=\"1386\" height=\"924\" src=\"http:\/\/www.tvniederbueren.ch\/tvn\/wp\/wp-content\/uploads\/2024\/06\/Jugitag1.jpg\" class=\"slider-3086 slide-3091 msDefaultImage\" alt=\"\" rel=\"\" title=\"Jugitag1\" style=\"margin: 0 auto; width: 81.428571428571%\" srcset=\"http:\/\/www.tvniederbueren.ch\/tvn\/wp\/wp-content\/uploads\/2024\/06\/Jugitag1.jpg 1386w, http:\/\/www.tvniederbueren.ch\/tvn\/wp\/wp-content\/uploads\/2024\/06\/Jugitag1-300x200.jpg 300w, http:\/\/www.tvniederbueren.ch\/tvn\/wp\/wp-content\/uploads\/2024\/06\/Jugitag1-1024x683.jpg 1024w, http:\/\/www.tvniederbueren.ch\/tvn\/wp\/wp-content\/uploads\/2024\/06\/Jugitag1-768x512.jpg 768w, http:\/\/www.tvniederbueren.ch\/tvn\/wp\/wp-content\/uploads\/2024\/06\/Jugitag1-450x300.jpg 450w\" sizes=\"auto, (max-width: 1386px) 100vw, 1386px\" \/><\/li>\n                <li style=\"display: none; width: 100%;\" class=\"slide-3092 ms-image \" aria-roledescription=\"slide\" data-date=\"2024-06-10 19:03:45\" data-filename=\"Jugitag2.jpg\" data-slide-type=\"image\"><img loading=\"lazy\" decoding=\"async\" width=\"1386\" height=\"924\" src=\"http:\/\/www.tvniederbueren.ch\/tvn\/wp\/wp-content\/uploads\/2024\/06\/Jugitag2.jpg\" class=\"slider-3086 slide-3092 msDefaultImage\" alt=\"\" rel=\"\" title=\"Jugitag2\" style=\"margin: 0 auto; width: 81.428571428571%\" srcset=\"http:\/\/www.tvniederbueren.ch\/tvn\/wp\/wp-content\/uploads\/2024\/06\/Jugitag2.jpg 1386w, http:\/\/www.tvniederbueren.ch\/tvn\/wp\/wp-content\/uploads\/2024\/06\/Jugitag2-300x200.jpg 300w, http:\/\/www.tvniederbueren.ch\/tvn\/wp\/wp-content\/uploads\/2024\/06\/Jugitag2-1024x683.jpg 1024w, http:\/\/www.tvniederbueren.ch\/tvn\/wp\/wp-content\/uploads\/2024\/06\/Jugitag2-768x512.jpg 768w, http:\/\/www.tvniederbueren.ch\/tvn\/wp\/wp-content\/uploads\/2024\/06\/Jugitag2-450x300.jpg 450w\" sizes=\"auto, (max-width: 1386px) 100vw, 1386px\" \/><\/li>\n                <li style=\"display: none; width: 100%;\" class=\"slide-3093 ms-image \" aria-roledescription=\"slide\" data-date=\"2024-06-10 19:03:45\" data-filename=\"Jugitag3.jpg\" data-slide-type=\"image\"><img loading=\"lazy\" decoding=\"async\" width=\"1040\" height=\"1386\" src=\"http:\/\/www.tvniederbueren.ch\/tvn\/wp\/wp-content\/uploads\/2024\/06\/Jugitag3.jpg\" class=\"slider-3086 slide-3093 msDefaultImage\" alt=\"\" rel=\"\" title=\"Jugitag3\" style=\"margin: 0 auto; width: 40.733869305298%\" srcset=\"http:\/\/www.tvniederbueren.ch\/tvn\/wp\/wp-content\/uploads\/2024\/06\/Jugitag3.jpg 1040w, http:\/\/www.tvniederbueren.ch\/tvn\/wp\/wp-content\/uploads\/2024\/06\/Jugitag3-225x300.jpg 225w, http:\/\/www.tvniederbueren.ch\/tvn\/wp\/wp-content\/uploads\/2024\/06\/Jugitag3-768x1024.jpg 768w\" sizes=\"auto, (max-width: 1040px) 100vw, 1040px\" \/><\/li>\n                <li style=\"display: none; width: 100%;\" class=\"slide-3094 ms-image \" aria-roledescription=\"slide\" data-date=\"2024-06-10 19:03:45\" data-filename=\"Jugitag4.jpg\" data-slide-type=\"image\"><img loading=\"lazy\" decoding=\"async\" width=\"924\" height=\"1386\" src=\"http:\/\/www.tvniederbueren.ch\/tvn\/wp\/wp-content\/uploads\/2024\/06\/Jugitag4.jpg\" class=\"slider-3086 slide-3094 msDefaultImage\" alt=\"\" rel=\"\" title=\"Jugitag4\" style=\"margin: 0 auto; width: 36.190476190476%\" srcset=\"http:\/\/www.tvniederbueren.ch\/tvn\/wp\/wp-content\/uploads\/2024\/06\/Jugitag4.jpg 924w, http:\/\/www.tvniederbueren.ch\/tvn\/wp\/wp-content\/uploads\/2024\/06\/Jugitag4-200x300.jpg 200w, http:\/\/www.tvniederbueren.ch\/tvn\/wp\/wp-content\/uploads\/2024\/06\/Jugitag4-683x1024.jpg 683w, http:\/\/www.tvniederbueren.ch\/tvn\/wp\/wp-content\/uploads\/2024\/06\/Jugitag4-768x1152.jpg 768w\" sizes=\"auto, (max-width: 924px) 100vw, 924px\" \/><\/li>\n            <\/ul>\n        <\/div>\n        \n    <\/div>\n<\/div><\/div>\n\n\n\n<p><em>Q: &nbsp;&nbsp;&nbsp;&nbsp;&nbsp;&nbsp;&nbsp;&nbsp;&nbsp; qualifiziert f\u00fcr den Jugifinal<\/em><br><em>*&nbsp; : &nbsp;&nbsp;&nbsp;&nbsp;&nbsp;&nbsp;&nbsp;&nbsp; mit Auszeichnung<\/em><br><br><strong>Knaben Jahrgang 2010<\/strong>&nbsp;&nbsp;&nbsp;&nbsp;&nbsp;&nbsp;&nbsp;&nbsp;&nbsp;&nbsp;&nbsp;&nbsp;&nbsp;&nbsp;&nbsp;&nbsp;&nbsp;&nbsp;<br>1&nbsp;&nbsp;&nbsp;&nbsp;&nbsp;&nbsp;&nbsp;&nbsp;&nbsp;&nbsp; F\u00e4rber Misha&nbsp;&nbsp;&nbsp;&nbsp;&nbsp;&nbsp;&nbsp;&nbsp;&nbsp;&nbsp;&nbsp;&nbsp;&nbsp;&nbsp;&nbsp;&nbsp;&nbsp;&nbsp;&nbsp;&nbsp;&nbsp;&nbsp;&nbsp;&nbsp;&nbsp;&nbsp; Q<br>5&nbsp;&nbsp;&nbsp;&nbsp;&nbsp;&nbsp;&nbsp;&nbsp;&nbsp; Fischer Lean&nbsp;&nbsp;&nbsp;&nbsp;&nbsp;&nbsp;&nbsp;&nbsp;&nbsp;&nbsp;&nbsp;&nbsp;&nbsp;&nbsp;&nbsp;&nbsp;&nbsp;&nbsp;&nbsp;&nbsp;&nbsp;&nbsp;&nbsp;&nbsp;&nbsp;&nbsp;&nbsp; Q *&nbsp;&nbsp;&nbsp;&nbsp;&nbsp;&nbsp;&nbsp;&nbsp;&nbsp;&nbsp;&nbsp;&nbsp;&nbsp;&nbsp;&nbsp;&nbsp;&nbsp;&nbsp;&nbsp;&nbsp;&nbsp;&nbsp;&nbsp;&nbsp;&nbsp;&nbsp;&nbsp;&nbsp;&nbsp;<br>7&nbsp;&nbsp;&nbsp;&nbsp;&nbsp;&nbsp;&nbsp;&nbsp;&nbsp; Bernhardsgr\u00fctter Robin&nbsp;&nbsp;&nbsp;&nbsp;&nbsp;&nbsp;&nbsp;&nbsp;&nbsp;&nbsp; Q&nbsp;&nbsp;&nbsp;&nbsp;&nbsp;&nbsp;&nbsp;&nbsp;<\/p>\n\n\n\n<p><strong>Knaben Jahrgang 2012<\/strong><br>4\u00a0\u00a0\u00a0\u00a0\u00a0\u00a0\u00a0\u00a0\u00a0 Dilitz Nevio\u00a0\u00a0\u00a0\u00a0\u00a0\u00a0\u00a0\u00a0\u00a0\u00a0\u00a0\u00a0\u00a0\u00a0\u00a0\u00a0\u00a0\u00a0\u00a0\u00a0\u00a0\u00a0\u00a0\u00a0\u00a0\u00a0\u00a0\u00a0 Q *<br>6\u00a0\u00a0\u00a0\u00a0\u00a0\u00a0\u00a0\u00a0\u00a0 N\u00e4f Janis\u00a0\u00a0\u00a0\u00a0\u00a0\u00a0\u00a0\u00a0\u00a0\u00a0\u00a0\u00a0\u00a0\u00a0\u00a0\u00a0\u00a0\u00a0\u00a0\u00a0\u00a0\u00a0\u00a0\u00a0\u00a0\u00a0\u00a0\u00a0\u00a0\u00a0\u00a0\u00a0Q *<br>10\u00a0\u00a0\u00a0\u00a0\u00a0\u00a0\u00a0 Keller Silvan<br>11\u00a0\u00a0\u00a0\u00a0\u00a0\u00a0\u00a0\u00a0 Bernhardsgr\u00fctter Joel\u00a0<br>13\u00a0\u00a0\u00a0\u00a0\u00a0\u00a0\u00a0\u00a0 R\u00f6thlisberger Juri\u00a0\u00a0\u00a0\u00a0\u00a0\u00a0\u00a0<\/p>\n\n\n\n<p><strong>Knaben Jahrgang 2013<\/strong><br>3&nbsp;&nbsp;&nbsp;&nbsp;&nbsp;&nbsp;&nbsp;&nbsp;&nbsp; H\u00e4ne Lian&nbsp;&nbsp;&nbsp;&nbsp;&nbsp;&nbsp;&nbsp;&nbsp;&nbsp;&nbsp;&nbsp;&nbsp;&nbsp;&nbsp;&nbsp;&nbsp;&nbsp;&nbsp;&nbsp;&nbsp;&nbsp;&nbsp;&nbsp;&nbsp;&nbsp;&nbsp;&nbsp;&nbsp;&nbsp;&nbsp; Q<br>11&nbsp;&nbsp;&nbsp;&nbsp;&nbsp;&nbsp;&nbsp;&nbsp; F\u00e4rber Jona<br>12&nbsp;&nbsp;&nbsp;&nbsp;&nbsp;&nbsp;&nbsp;&nbsp; Jaeger Lias<br>13&nbsp;&nbsp;&nbsp;&nbsp;&nbsp;&nbsp;&nbsp;&nbsp; Centorame Lian Jaron<br>16&nbsp;&nbsp;&nbsp;&nbsp;&nbsp;&nbsp;&nbsp;&nbsp; Baumann Phil&nbsp;<\/p>\n\n\n\n<p><strong>Knaben Jahrgang 2014<\/strong><br>1\u00a0\u00a0\u00a0\u00a0\u00a0\u00a0\u00a0\u00a0\u00a0\u00a0 Ebneter Louis\u00a0\u00a0\u00a0\u00a0\u00a0\u00a0\u00a0\u00a0\u00a0\u00a0\u00a0\u00a0\u00a0\u00a0\u00a0\u00a0\u00a0\u00a0\u00a0\u00a0\u00a0\u00a0\u00a0 Q<br>8\u00a0\u00a0\u00a0\u00a0\u00a0\u00a0\u00a0\u00a0\u00a0 Oberwiler Henrik\u00a0\u00a0\u00a0\u00a0\u00a0\u00a0\u00a0\u00a0\u00a0\u00a0\u00a0\u00a0\u00a0\u00a0\u00a0\u00a0\u00a0\u00a0\u00a0 Q *<br>12\u00a0\u00a0\u00a0\u00a0\u00a0\u00a0\u00a0\u00a0 Manser Lukas\u00a0\u00a0\u00a0\u00a0\u00a0\u00a0\u00a0\u00a0\u00a0\u00a0\u00a0\u00a0\u00a0\u00a0\u00a0\u00a0\u00a0\u00a0\u00a0\u00a0\u00a0\u00a0\u00a0\u00a0Q<br>14\u00a0\u00a0\u00a0\u00a0\u00a0\u00a0\u00a0 Baumann Rico\u00a0\u00a0\u00a0\u00a0\u00a0\u00a0\u00a0\u00a0\u00a0\u00a0\u00a0\u00a0\u00a0\u00a0\u00a0\u00a0\u00a0\u00a0\u00a0\u00a0\u00a0\u00a0\u00a0\u00a0 Q<br>24\u00a0\u00a0\u00a0\u00a0\u00a0\u00a0\u00a0 N\u00e4f Severin<\/p>\n\n\n\n<p><strong>Knaben Jahrgang 2015<\/strong><br>1\u00a0\u00a0\u00a0\u00a0\u00a0\u00a0\u00a0\u00a0\u00a0\u00a0 Fischer Noel\u00a0\u00a0\u00a0\u00a0\u00a0\u00a0\u00a0\u00a0\u00a0\u00a0\u00a0\u00a0\u00a0\u00a0\u00a0\u00a0\u00a0\u00a0\u00a0\u00a0\u00a0\u00a0\u00a0\u00a0\u00a0\u00a0\u00a0 Q<br>6\u00a0\u00a0\u00a0\u00a0\u00a0\u00a0\u00a0\u00a0\u00a0 Schlauri Sandro\u00a0\u00a0\u00a0\u00a0\u00a0\u00a0\u00a0\u00a0\u00a0\u00a0\u00a0\u00a0\u00a0\u00a0\u00a0\u00a0\u00a0\u00a0\u00a0\u00a0\u00a0\u00a0\u00a0 Q *<br>9\u00a0\u00a0\u00a0\u00a0\u00a0\u00a0\u00a0\u00a0\u00a0 Zehnder Theo\u00a0\u00a0\u00a0\u00a0\u00a0\u00a0\u00a0\u00a0\u00a0\u00a0\u00a0\u00a0\u00a0\u00a0\u00a0\u00a0\u00a0\u00a0\u00a0\u00a0\u00a0\u00a0\u00a0\u00a0\u00a0  Q<br>15\u00a0\u00a0\u00a0\u00a0\u00a0\u00a0\u00a0\u00a0H\u00e4ne Nelio<br>16\u00a0\u00a0\u00a0\u00a0\u00a0\u00a0\u00a0\u00a0Zehnder Nick<br>18\u00a0\u00a0\u00a0\u00a0\u00a0\u00a0\u00a0\u00a0 Martin Luca<\/p>\n\n\n\n<p><strong>Knaben Jahrgang 2016<\/strong><br>3&nbsp;&nbsp;&nbsp;&nbsp;&nbsp;&nbsp;&nbsp;&nbsp;&nbsp; D\u00fcring Oskar&nbsp;&nbsp;&nbsp;&nbsp;&nbsp;&nbsp;&nbsp;&nbsp;&nbsp;&nbsp;&nbsp;&nbsp;&nbsp;&nbsp;&nbsp;&nbsp;&nbsp;&nbsp;&nbsp;&nbsp;&nbsp;&nbsp;&nbsp;&nbsp;&nbsp;&nbsp; Q<br>10&nbsp;&nbsp;&nbsp;&nbsp;&nbsp;&nbsp;&nbsp; F\u00fcrer Jonas&nbsp;&nbsp;&nbsp;&nbsp;&nbsp;&nbsp;&nbsp;&nbsp;&nbsp;&nbsp;&nbsp;&nbsp;&nbsp;&nbsp;&nbsp;&nbsp;&nbsp;&nbsp;&nbsp;&nbsp;&nbsp;&nbsp;&nbsp;&nbsp;&nbsp;&nbsp;&nbsp;&nbsp; Q *<br>23&nbsp;&nbsp;&nbsp;&nbsp;&nbsp;&nbsp;&nbsp; Rosenberger Joris<br>27&nbsp;&nbsp;&nbsp;&nbsp;&nbsp;&nbsp;&nbsp; B\u00fceler Levin<br>28&nbsp;&nbsp;&nbsp;&nbsp;&nbsp;&nbsp;&nbsp; Oberholzer Fabian<\/p>\n\n\n\n<p><strong>Knaben Jahrgang 2017 &#8211; 2018<\/strong><br>1\u00a0\u00a0\u00a0\u00a0\u00a0\u00a0\u00a0\u00a0\u00a0\u00a0 Schlauri Lars\u00a0\u00a0\u00a0\u00a0\u00a0\u00a0\u00a0\u00a0\u00a0\u00a0\u00a0\u00a0\u00a0\u00a0\u00a0\u00a0\u00a0\u00a0\u00a0\u00a0\u00a0\u00a0\u00a0\u00a0\u00a0\u00a0Q<br>3\u00a0\u00a0\u00a0\u00a0\u00a0\u00a0\u00a0\u00a0\u00a0 Keller Tim\u00a0\u00a0\u00a0\u00a0\u00a0\u00a0\u00a0\u00a0\u00a0\u00a0\u00a0\u00a0\u00a0\u00a0\u00a0\u00a0\u00a0\u00a0\u00a0\u00a0\u00a0\u00a0\u00a0\u00a0\u00a0\u00a0\u00a0\u00a0\u00a0\u00a0 Q<\/p>\n\n\n\n<p><strong>M\u00e4dchen Jahrgang 2010\u00a0\u00a0\u00a0\u00a0\u00a0\u00a0<br><\/strong>1\u00a0\u00a0\u00a0\u00a0\u00a0\u00a0\u00a0\u00a0\u00a0\u00a0 Keller Rahel\u00a0\u00a0\u00a0\u00a0\u00a0\u00a0\u00a0\u00a0\u00a0\u00a0\u00a0\u00a0\u00a0\u00a0\u00a0\u00a0\u00a0\u00a0\u00a0\u00a0\u00a0\u00a0\u00a0\u00a0\u00a0\u00a0\u00a0Q<br>2\u00a0\u00a0\u00a0\u00a0\u00a0\u00a0\u00a0\u00a0\u00a0 Schlauri Natalie\u00a0\u00a0\u00a0\u00a0\u00a0\u00a0\u00a0\u00a0\u00a0\u00a0\u00a0\u00a0\u00a0\u00a0\u00a0\u00a0\u00a0\u00a0\u00a0\u00a0\u00a0\u00a0 Q<br>9\u00a0\u00a0\u00a0\u00a0\u00a0\u00a0\u00a0\u00a0\u00a0 Keller Sara<\/p>\n\n\n\n<p><strong>M\u00e4dchen Jahrgang 2011<\/strong><br>1\u00a0\u00a0\u00a0\u00a0\u00a0\u00a0\u00a0\u00a0\u00a0\u00a0 Eisenegger Sarina\u00a0\u00a0\u00a0\u00a0\u00a0\u00a0\u00a0\u00a0\u00a0\u00a0\u00a0\u00a0\u00a0\u00a0\u00a0\u00a0\u00a0\u00a0\u00a0Q\u00a0\u00a0\u00a0\u00a0\u00a0\u00a0\u00a0\u00a0\u00a0\u00a0\u00a0\u00a0\u00a0\u00a0\u00a0\u00a0\u00a0\u00a0\u00a0\u00a0<br>4\u00a0\u00a0\u00a0\u00a0\u00a0\u00a0\u00a0\u00a0\u00a0 Manser Rebecca\u00a0\u00a0\u00a0\u00a0\u00a0\u00a0\u00a0\u00a0\u00a0\u00a0\u00a0\u00a0\u00a0\u00a0\u00a0\u00a0\u00a0\u00a0\u00a0\u00a0\u00a0\u00a0 Q *\u00a0\u00a0\u00a0\u00a0\u00a0\u00a0\u00a0\u00a0\u00a0\u00a0\u00a0\u00a0\u00a0\u00a0\u00a0\u00a0\u00a0\u00a0<br>18\u00a0\u00a0\u00a0\u00a0\u00a0\u00a0\u00a0\u00a0 Eilinger Eliane<\/p>\n\n\n\n<p><strong>M\u00e4dchen Jahrgang 2012<\/strong><br>1\u00a0\u00a0\u00a0\u00a0\u00a0\u00a0\u00a0\u00a0\u00a0\u00a0Keller Lisa\u00a0\u00a0\u00a0\u00a0\u00a0\u00a0\u00a0\u00a0\u00a0\u00a0\u00a0\u00a0\u00a0\u00a0\u00a0\u00a0\u00a0\u00a0\u00a0\u00a0\u00a0\u00a0\u00a0\u00a0\u00a0\u00a0\u00a0\u00a0\u00a0\u00a0\u00a0Q<br>4\u00a0\u00a0\u00a0\u00a0\u00a0\u00a0\u00a0\u00a0\u00a0 F\u00fcrer Riana\u00a0\u00a0\u00a0\u00a0\u00a0\u00a0\u00a0\u00a0\u00a0\u00a0\u00a0\u00a0\u00a0\u00a0\u00a0\u00a0\u00a0\u00a0\u00a0\u00a0\u00a0\u00a0\u00a0\u00a0\u00a0\u00a0\u00a0\u00a0 Q *<br>11\u00a0\u00a0\u00a0\u00a0\u00a0\u00a0\u00a0\u00a0Brunner Elena\u00a0\u00a0\u00a0\u00a0\u00a0\u00a0\u00a0\u00a0\u00a0\u00a0\u00a0\u00a0\u00a0\u00a0\u00a0\u00a0\u00a0\u00a0\u00a0\u00a0\u00a0\u00a0\u00a0\u00a0 Q *<br>14\u00a0\u00a0\u00a0\u00a0\u00a0\u00a0\u00a0 Ledergerber Anna\u00a0\u00a0\u00a0\u00a0\u00a0\u00a0\u00a0\u00a0\u00a0\u00a0\u00a0\u00a0\u00a0\u00a0\u00a0\u00a0\u00a0\u00a0 Q\u00a0\u00a0\u00a0\u00a0\u00a0\u00a0\u00a0\u00a0\u00a0\u00a0\u00a0\u00a0\u00a0\u00a0\u00a0\u00a0\u00a0\u00a0\u00a0\u00a0<br>19\u00a0\u00a0\u00a0\u00a0\u00a0\u00a0\u00a0\u00a0Ledergerber Emelie\u00a0\u00a0\u00a0\u00a0\u00a0\u00a0\u00a0\u00a0\u00a0\u00a0\u00a0\u00a0\u00a0\u00a0\u00a0\u00a0\u00a0Q<br>31\u00a0\u00a0\u00a0\u00a0\u00a0\u00a0\u00a0\u00a0 Dworschak Ylenia\u00a0\u00a0\u00a0\u00a0\u00a0\u00a0\u00a0\u00a0\u00a0\u00a0\u00a0\u00a0\u00a0\u00a0\u00a0\u00a0\u00a0\u00a0\u00a0<\/p>\n\n\n\n<p><strong>M\u00e4dchen Jahrgang 2013<\/strong><br>1\u00a0\u00a0\u00a0\u00a0\u00a0\u00a0\u00a0\u00a0\u00a0\u00a0 Fischer Mia\u00a0\u00a0\u00a0\u00a0\u00a0\u00a0\u00a0\u00a0\u00a0\u00a0\u00a0\u00a0\u00a0\u00a0\u00a0\u00a0\u00a0\u00a0\u00a0\u00a0\u00a0\u00a0\u00a0\u00a0\u00a0\u00a0\u00a0\u00a0\u00a0Q\u00a0\u00a0\u00a0\u00a0\u00a0\u00a0\u00a0\u00a0\u00a0\u00a0\u00a0\u00a0\u00a0\u00a0\u00a0\u00a0\u00a0\u00a0\u00a0\u00a0\u00a0\u00a0\u00a0\u00a0\u00a0\u00a0\u00a0\u00a0\u00a0\u00a0\u00a0\u00a0<br>7\u00a0\u00a0\u00a0\u00a0\u00a0\u00a0\u00a0\u00a0\u00a0 Piraino Sabrina\u00a0\u00a0\u00a0\u00a0\u00a0\u00a0\u00a0\u00a0\u00a0\u00a0\u00a0\u00a0\u00a0\u00a0\u00a0\u00a0\u00a0\u00a0\u00a0\u00a0\u00a0\u00a0\u00a0 Q *<br>9\u00a0\u00a0\u00a0\u00a0\u00a0\u00a0\u00a0\u00a0\u00a0 Schlauri Mona\u00a0\u00a0\u00a0\u00a0\u00a0\u00a0\u00a0\u00a0\u00a0\u00a0\u00a0\u00a0\u00a0\u00a0\u00a0\u00a0\u00a0\u00a0\u00a0\u00a0\u00a0\u00a0\u00a0\u00a0  Q *<br>16\u00a0\u00a0\u00a0\u00a0\u00a0\u00a0\u00a0\u00a0 Tomic Ana<br>26\u00a0\u00a0\u00a0\u00a0\u00a0\u00a0\u00a0 Huber Jael<\/p>\n\n\n\n<p><strong>M\u00e4dchen Jahrgang 2014<\/strong><br>1\u00a0\u00a0\u00a0\u00a0\u00a0\u00a0\u00a0\u00a0\u00a0\u00a0 Wagner Emma\u00a0\u00a0\u00a0\u00a0\u00a0\u00a0\u00a0\u00a0\u00a0\u00a0\u00a0\u00a0\u00a0\u00a0\u00a0\u00a0\u00a0\u00a0\u00a0\u00a0\u00a0\u00a0\u00a0 Q\u00a0\u00a0\u00a0\u00a0\u00a0\u00a0\u00a0\u00a0\u00a0\u00a0\u00a0\u00a0\u00a0\u00a0\u00a0\u00a0\u00a0\u00a0\u00a0\u00a0<br>3\u00a0\u00a0\u00a0\u00a0\u00a0\u00a0\u00a0\u00a0\u00a0 R\u00fcsseler Nina\u00a0\u00a0\u00a0\u00a0\u00a0\u00a0\u00a0\u00a0\u00a0\u00a0\u00a0\u00a0\u00a0\u00a0\u00a0\u00a0\u00a0\u00a0\u00a0\u00a0\u00a0\u00a0\u00a0\u00a0\u00a0 Q<br>5\u00a0\u00a0\u00a0\u00a0\u00a0\u00a0\u00a0\u00a0\u00a0 Keller Lilly\u00a0\u00a0\u00a0\u00a0\u00a0\u00a0\u00a0\u00a0\u00a0\u00a0\u00a0\u00a0\u00a0\u00a0\u00a0\u00a0\u00a0\u00a0\u00a0\u00a0\u00a0\u00a0\u00a0\u00a0\u00a0\u00a0\u00a0\u00a0\u00a0\u00a0  Q *<br>9\u00a0\u00a0\u00a0\u00a0\u00a0\u00a0\u00a0\u00a0\u00a0 Denoth Juna\u00a0\u00a0\u00a0\u00a0\u00a0\u00a0\u00a0\u00a0\u00a0\u00a0\u00a0\u00a0\u00a0\u00a0\u00a0\u00a0\u00a0\u00a0\u00a0\u00a0\u00a0\u00a0\u00a0\u00a0\u00a0\u00a0  Q *<br>18\u00a0\u00a0\u00a0\u00a0\u00a0\u00a0\u00a0\u00a0 D\u00fcring Carla\u00a0\u00a0\u00a0\u00a0\u00a0\u00a0\u00a0\u00a0\u00a0\u00a0\u00a0\u00a0\u00a0\u00a0\u00a0\u00a0\u00a0\u00a0\u00a0\u00a0\u00a0\u00a0\u00a0\u00a0\u00a0\u00a0\u00a0 Q\u00a0\u00a0\u00a0\u00a0\u00a0\u00a0\u00a0\u00a0\u00a0\u00a0\u00a0\u00a0\u00a0\u00a0\u00a0\u00a0\u00a0\u00a0\u00a0\u00a0<br>22\u00a0\u00a0\u00a0\u00a0\u00a0\u00a0\u00a0 Bernhardsgr\u00fctter Nadine<\/p>\n\n\n\n<p><strong>M\u00e4dchen Jahrgang 2015<\/strong><br>28&nbsp;&nbsp;&nbsp;&nbsp;&nbsp;&nbsp;&nbsp; Tr\u00e4ber Polly<br>32&nbsp;&nbsp;&nbsp;&nbsp;&nbsp;&nbsp;&nbsp; P\u00e9rez Irina<br>36&nbsp;&nbsp;&nbsp;&nbsp;&nbsp;&nbsp;&nbsp; Lehmann Evangeline<\/p>\n\n\n\n<p><strong>M\u00e4dchen Jahrgang 2016<\/strong><br>4&nbsp;&nbsp;&nbsp;&nbsp;&nbsp;&nbsp;&nbsp;&nbsp;&nbsp; Wagner Zoey&nbsp;&nbsp;&nbsp;&nbsp;&nbsp;&nbsp;&nbsp;&nbsp;&nbsp;&nbsp;&nbsp;&nbsp;&nbsp;&nbsp;&nbsp;&nbsp;&nbsp;&nbsp;&nbsp;&nbsp;&nbsp;&nbsp;&nbsp;&nbsp;&nbsp; Q *<br>9&nbsp;&nbsp;&nbsp;&nbsp;&nbsp;&nbsp;&nbsp;&nbsp;&nbsp; Schildknecht Anika&nbsp;&nbsp;&nbsp;&nbsp;&nbsp;&nbsp;&nbsp;&nbsp;&nbsp;&nbsp;&nbsp;&nbsp;&nbsp;&nbsp;&nbsp;&nbsp; Q *<br>31&nbsp;&nbsp;&nbsp;&nbsp;&nbsp;&nbsp;&nbsp;&nbsp; Hungerb\u00fchler Noemi&nbsp;<br>33&nbsp;&nbsp;&nbsp;&nbsp;&nbsp;&nbsp;&nbsp; Dilitz Sienna<br>35&nbsp;&nbsp;&nbsp;&nbsp;&nbsp;&nbsp;&nbsp; Rupf Alessia<br>43&nbsp;&nbsp;&nbsp;&nbsp;&nbsp;&nbsp;&nbsp; Harder Sophia<\/p>\n\n\n\n<p><strong>M\u00e4dchen Jahrgang 2017 &#8211; 2018<\/strong><br>1\u00a0\u00a0\u00a0\u00a0\u00a0\u00a0\u00a0\u00a0\u00a0\u00a0 Egger Mona\u00a0\u00a0\u00a0\u00a0\u00a0\u00a0\u00a0\u00a0\u00a0\u00a0\u00a0\u00a0\u00a0\u00a0\u00a0\u00a0\u00a0\u00a0\u00a0\u00a0\u00a0\u00a0\u00a0\u00a0\u00a0\u00a0\u00a0Q<br>5\u00a0\u00a0\u00a0\u00a0\u00a0\u00a0\u00a0\u00a0\u00a0 Aydogan Dilara\u00a0\u00a0\u00a0\u00a0\u00a0\u00a0\u00a0\u00a0\u00a0\u00a0\u00a0\u00a0\u00a0\u00a0\u00a0\u00a0\u00a0\u00a0\u00a0\u00a0\u00a0\u00a0 Q *<\/p>\n","protected":false},"excerpt":{"rendered":"<p>Noch mit etwas kleinen Augen, aber voller Motivation waren am letzten Sonntag 65 Jugendriegler, ihre Eltern und Leiter in den fr\u00fchen Morgenstunden ready f\u00fcr den Jugitag 2024. Die letzten Informationen wurden auf dem Kirchplatz bekannt gegeben, bevor sich die jungen &hellip; <a href=\"http:\/\/www.tvniederbueren.ch\/tvn\/wp\/?p=3084\">Weiterlesen <span class=\"meta-nav\">&rarr;<\/span><\/a><\/p>\n","protected":false},"author":6,"featured_media":0,"comment_status":"open","ping_status":"open","sticky":false,"template":"","format":"standard","meta":{"footnotes":""},"categories":[1],"tags":[],"class_list":["post-3084","post","type-post","status-publish","format-standard","hentry","category-tvn"],"_links":{"self":[{"href":"http:\/\/www.tvniederbueren.ch\/tvn\/wp\/index.php?rest_route=\/wp\/v2\/posts\/3084","targetHints":{"allow":["GET"]}}],"collection":[{"href":"http:\/\/www.tvniederbueren.ch\/tvn\/wp\/index.php?rest_route=\/wp\/v2\/posts"}],"about":[{"href":"http:\/\/www.tvniederbueren.ch\/tvn\/wp\/index.php?rest_route=\/wp\/v2\/types\/post"}],"author":[{"embeddable":true,"href":"http:\/\/www.tvniederbueren.ch\/tvn\/wp\/index.php?rest_route=\/wp\/v2\/users\/6"}],"replies":[{"embeddable":true,"href":"http:\/\/www.tvniederbueren.ch\/tvn\/wp\/index.php?rest_route=%2Fwp%2Fv2%2Fcomments&post=3084"}],"version-history":[{"count":4,"href":"http:\/\/www.tvniederbueren.ch\/tvn\/wp\/index.php?rest_route=\/wp\/v2\/posts\/3084\/revisions"}],"predecessor-version":[{"id":3098,"href":"http:\/\/www.tvniederbueren.ch\/tvn\/wp\/index.php?rest_route=\/wp\/v2\/posts\/3084\/revisions\/3098"}],"wp:attachment":[{"href":"http:\/\/www.tvniederbueren.ch\/tvn\/wp\/index.php?rest_route=%2Fwp%2Fv2%2Fmedia&parent=3084"}],"wp:term":[{"taxonomy":"category","embeddable":true,"href":"http:\/\/www.tvniederbueren.ch\/tvn\/wp\/index.php?rest_route=%2Fwp%2Fv2%2Fcategories&post=3084"},{"taxonomy":"post_tag","embeddable":true,"href":"http:\/\/www.tvniederbueren.ch\/tvn\/wp\/index.php?rest_route=%2Fwp%2Fv2%2Ftags&post=3084"}],"curies":[{"name":"wp","href":"https:\/\/api.w.org\/{rel}","templated":true}]}}