{"id":3130,"date":"2024-07-01T14:35:20","date_gmt":"2024-07-01T12:35:20","guid":{"rendered":"https:\/\/www.tvniederbueren.ch\/tvn\/wp\/?p=3130"},"modified":"2024-07-01T14:35:20","modified_gmt":"2024-07-01T12:35:20","slug":"turnfest-in-belp","status":"publish","type":"post","link":"http:\/\/www.tvniederbueren.ch\/tvn\/wp\/?p=3130","title":{"rendered":"Turnfest in Belp"},"content":{"rendered":"\n<p>Am Samstag, dem 22. Juni, traf sich der TV Niederb\u00fcren am Bahnhof in Gossau. Nach einer kurzen Verpflegung starteten wir unsere Reise nach Belp. Nach drei Stunden entspannter Fahrt erreichten wir unser Ziel.<br>Im sehr matschigen Belp angekommen, bemerkten wir schnell, dass wir unsere weissen Turnschuhe nicht sehr tauglich waren. Also machten wir einen kurzen Abstecher zur Landi. Mit Gummistiefeln, Pellerinen und Abfalls\u00e4cken ausgestattet, ging es zur\u00fcck zum Festgel\u00e4nde.<\/p>\n\n\n\n<!--more-->\n\n\n\n<p>Am Nachmittag standen die Disziplinen an. Bei der Pendelstaffel haben wir trotz der schlechten Verh\u00e4ltnisse unser Bestes gegeben und erreichten die Note von 8.88. Danach w\u00e4rmten sich die M\u00e4nner f\u00fcr die Sprungnummer auf. Diese wurde mit 8.01 bewertet. Mit der Note von 8.87 im Barren waren sie sehr zufrieden. Anschlie\u00dfend hatten die Damen ihr K\u00f6nnen beim Aerobic gezeigt und erreichten die Punktzahl 8.60. Direkt danach waren die M\u00e4nner wieder dran. Mit der Recknummer wurde der sportliche Teil abgeschlossen. Mit der Punktzahl 8.04 konnten wir dann zum gem\u00fctlichen Teil \u00fcbergehen.<\/p>\n\n\n\n<p>Nach einer etwas nassen Nacht fand dann die Rangverk\u00fcndigung mit Fahnenlauf statt, bevor es wieder nach Hause ging.<\/p>\n\n\n\n<div class=\"alignnormal\"><div id=\"metaslider-id-3132\" style=\"max-width: 700px;\" class=\"ml-slider-3-104-0 metaslider metaslider-flex metaslider-3132 ml-slider has-dots-nav ms-theme-default\" role=\"region\" aria-label=\"Turnfest in Belp\" data-height=\"380\" data-width=\"700\">\n    <div id=\"metaslider_container_3132\">\n        <div id=\"metaslider_3132\">\n            <ul class='slides'>\n                <li style=\"display: block; width: 100%;\" class=\"slide-3140 ms-image \" aria-roledescription=\"slide\" data-date=\"2024-07-01 14:33:40\" data-filename=\"IMG-20240624-WA0012.jpg\" data-slide-type=\"image\"><img loading=\"lazy\" decoding=\"async\" width=\"1600\" height=\"1200\" src=\"http:\/\/www.tvniederbueren.ch\/tvn\/wp\/wp-content\/uploads\/2024\/07\/IMG-20240624-WA0012.jpg\" class=\"slider-3132 slide-3140 msDefaultImage\" alt=\"\" rel=\"\" title=\"IMG-20240624-WA0012\" style=\"margin: 0 auto; width: 72.380952380952%\" srcset=\"http:\/\/www.tvniederbueren.ch\/tvn\/wp\/wp-content\/uploads\/2024\/07\/IMG-20240624-WA0012.jpg 1600w, http:\/\/www.tvniederbueren.ch\/tvn\/wp\/wp-content\/uploads\/2024\/07\/IMG-20240624-WA0012-300x225.jpg 300w, http:\/\/www.tvniederbueren.ch\/tvn\/wp\/wp-content\/uploads\/2024\/07\/IMG-20240624-WA0012-1024x768.jpg 1024w, http:\/\/www.tvniederbueren.ch\/tvn\/wp\/wp-content\/uploads\/2024\/07\/IMG-20240624-WA0012-768x576.jpg 768w, http:\/\/www.tvniederbueren.ch\/tvn\/wp\/wp-content\/uploads\/2024\/07\/IMG-20240624-WA0012-1536x1152.jpg 1536w, http:\/\/www.tvniederbueren.ch\/tvn\/wp\/wp-content\/uploads\/2024\/07\/IMG-20240624-WA0012-400x300.jpg 400w\" sizes=\"auto, (max-width: 1600px) 100vw, 1600px\" \/><\/li>\n                <li style=\"display: none; width: 100%;\" class=\"slide-3138 ms-image \" aria-roledescription=\"slide\" data-date=\"2024-07-01 14:33:40\" data-filename=\"20240622_172643-scaled.jpg\" data-slide-type=\"image\"><img loading=\"lazy\" decoding=\"async\" width=\"1920\" height=\"2560\" src=\"http:\/\/www.tvniederbueren.ch\/tvn\/wp\/wp-content\/uploads\/2024\/07\/20240622_172643-scaled.jpg\" class=\"slider-3132 slide-3138 msDefaultImage\" alt=\"\" rel=\"\" title=\"20240622_172643\" style=\"margin: 0 auto; width: 40.714285714286%\" srcset=\"http:\/\/www.tvniederbueren.ch\/tvn\/wp\/wp-content\/uploads\/2024\/07\/20240622_172643-scaled.jpg 1920w, http:\/\/www.tvniederbueren.ch\/tvn\/wp\/wp-content\/uploads\/2024\/07\/20240622_172643-225x300.jpg 225w, http:\/\/www.tvniederbueren.ch\/tvn\/wp\/wp-content\/uploads\/2024\/07\/20240622_172643-768x1024.jpg 768w, http:\/\/www.tvniederbueren.ch\/tvn\/wp\/wp-content\/uploads\/2024\/07\/20240622_172643-1152x1536.jpg 1152w, http:\/\/www.tvniederbueren.ch\/tvn\/wp\/wp-content\/uploads\/2024\/07\/20240622_172643-1536x2048.jpg 1536w\" sizes=\"auto, (max-width: 1920px) 100vw, 1920px\" \/><\/li>\n                <li style=\"display: none; width: 100%;\" class=\"slide-3141 ms-image \" aria-roledescription=\"slide\" data-date=\"2024-07-01 14:33:40\" data-filename=\"IMG-20240624-WA0020.jpg\" data-slide-type=\"image\"><img loading=\"lazy\" decoding=\"async\" width=\"1200\" height=\"1600\" src=\"http:\/\/www.tvniederbueren.ch\/tvn\/wp\/wp-content\/uploads\/2024\/07\/IMG-20240624-WA0020.jpg\" class=\"slider-3132 slide-3141 msDefaultImage\" alt=\"\" rel=\"\" title=\"IMG-20240624-WA0020\" style=\"margin: 0 auto; width: 40.714285714286%\" srcset=\"http:\/\/www.tvniederbueren.ch\/tvn\/wp\/wp-content\/uploads\/2024\/07\/IMG-20240624-WA0020.jpg 1200w, http:\/\/www.tvniederbueren.ch\/tvn\/wp\/wp-content\/uploads\/2024\/07\/IMG-20240624-WA0020-225x300.jpg 225w, http:\/\/www.tvniederbueren.ch\/tvn\/wp\/wp-content\/uploads\/2024\/07\/IMG-20240624-WA0020-768x1024.jpg 768w, http:\/\/www.tvniederbueren.ch\/tvn\/wp\/wp-content\/uploads\/2024\/07\/IMG-20240624-WA0020-1152x1536.jpg 1152w\" sizes=\"auto, (max-width: 1200px) 100vw, 1200px\" \/><\/li>\n                <li style=\"display: none; width: 100%;\" class=\"slide-3142 ms-image \" aria-roledescription=\"slide\" data-date=\"2024-07-01 14:33:40\" data-filename=\"IMG-20240624-WA0021.jpg\" data-slide-type=\"image\"><img loading=\"lazy\" decoding=\"async\" width=\"1200\" height=\"1600\" src=\"http:\/\/www.tvniederbueren.ch\/tvn\/wp\/wp-content\/uploads\/2024\/07\/IMG-20240624-WA0021.jpg\" class=\"slider-3132 slide-3142 msDefaultImage\" alt=\"\" rel=\"\" title=\"IMG-20240624-WA0021\" style=\"margin: 0 auto; width: 40.714285714286%\" srcset=\"http:\/\/www.tvniederbueren.ch\/tvn\/wp\/wp-content\/uploads\/2024\/07\/IMG-20240624-WA0021.jpg 1200w, http:\/\/www.tvniederbueren.ch\/tvn\/wp\/wp-content\/uploads\/2024\/07\/IMG-20240624-WA0021-225x300.jpg 225w, http:\/\/www.tvniederbueren.ch\/tvn\/wp\/wp-content\/uploads\/2024\/07\/IMG-20240624-WA0021-768x1024.jpg 768w, http:\/\/www.tvniederbueren.ch\/tvn\/wp\/wp-content\/uploads\/2024\/07\/IMG-20240624-WA0021-1152x1536.jpg 1152w\" sizes=\"auto, (max-width: 1200px) 100vw, 1200px\" \/><\/li>\n                <li style=\"display: none; width: 100%;\" class=\"slide-3139 ms-image \" aria-roledescription=\"slide\" data-date=\"2024-07-01 14:33:40\" data-filename=\"53813123250_e24fea03e6_o-scaled.jpg\" data-slide-type=\"image\"><img loading=\"lazy\" decoding=\"async\" width=\"2560\" height=\"1707\" src=\"http:\/\/www.tvniederbueren.ch\/tvn\/wp\/wp-content\/uploads\/2024\/07\/53813123250_e24fea03e6_o-scaled.jpg\" class=\"slider-3132 slide-3139 msDefaultImage\" alt=\"\" rel=\"\" title=\"53813123250_e24fea03e6_o\" style=\"margin: 0 auto; width: 81.412670516361%\" srcset=\"http:\/\/www.tvniederbueren.ch\/tvn\/wp\/wp-content\/uploads\/2024\/07\/53813123250_e24fea03e6_o-scaled.jpg 2560w, http:\/\/www.tvniederbueren.ch\/tvn\/wp\/wp-content\/uploads\/2024\/07\/53813123250_e24fea03e6_o-300x200.jpg 300w, http:\/\/www.tvniederbueren.ch\/tvn\/wp\/wp-content\/uploads\/2024\/07\/53813123250_e24fea03e6_o-1024x683.jpg 1024w, http:\/\/www.tvniederbueren.ch\/tvn\/wp\/wp-content\/uploads\/2024\/07\/53813123250_e24fea03e6_o-768x512.jpg 768w, http:\/\/www.tvniederbueren.ch\/tvn\/wp\/wp-content\/uploads\/2024\/07\/53813123250_e24fea03e6_o-1536x1024.jpg 1536w, http:\/\/www.tvniederbueren.ch\/tvn\/wp\/wp-content\/uploads\/2024\/07\/53813123250_e24fea03e6_o-2048x1365.jpg 2048w, http:\/\/www.tvniederbueren.ch\/tvn\/wp\/wp-content\/uploads\/2024\/07\/53813123250_e24fea03e6_o-450x300.jpg 450w\" sizes=\"auto, (max-width: 2560px) 100vw, 2560px\" \/><\/li>\n            <\/ul>\n        <\/div>\n        \n    <\/div>\n<\/div><\/div>\n\n\n\n<p><em>Ilona Bernhardsgr\u00fctter<\/em><\/p>\n","protected":false},"excerpt":{"rendered":"<p>Am Samstag, dem 22. Juni, traf sich der TV Niederb\u00fcren am Bahnhof in Gossau. Nach einer kurzen Verpflegung starteten wir unsere Reise nach Belp. Nach drei Stunden entspannter Fahrt erreichten wir unser Ziel.Im sehr matschigen Belp angekommen, bemerkten wir schnell, &hellip; <a href=\"http:\/\/www.tvniederbueren.ch\/tvn\/wp\/?p=3130\">Weiterlesen <span class=\"meta-nav\">&rarr;<\/span><\/a><\/p>\n","protected":false},"author":6,"featured_media":0,"comment_status":"open","ping_status":"open","sticky":false,"template":"","format":"standard","meta":{"footnotes":""},"categories":[1],"tags":[],"class_list":["post-3130","post","type-post","status-publish","format-standard","hentry","category-tvn"],"_links":{"self":[{"href":"http:\/\/www.tvniederbueren.ch\/tvn\/wp\/index.php?rest_route=\/wp\/v2\/posts\/3130","targetHints":{"allow":["GET"]}}],"collection":[{"href":"http:\/\/www.tvniederbueren.ch\/tvn\/wp\/index.php?rest_route=\/wp\/v2\/posts"}],"about":[{"href":"http:\/\/www.tvniederbueren.ch\/tvn\/wp\/index.php?rest_route=\/wp\/v2\/types\/post"}],"author":[{"embeddable":true,"href":"http:\/\/www.tvniederbueren.ch\/tvn\/wp\/index.php?rest_route=\/wp\/v2\/users\/6"}],"replies":[{"embeddable":true,"href":"http:\/\/www.tvniederbueren.ch\/tvn\/wp\/index.php?rest_route=%2Fwp%2Fv2%2Fcomments&post=3130"}],"version-history":[{"count":2,"href":"http:\/\/www.tvniederbueren.ch\/tvn\/wp\/index.php?rest_route=\/wp\/v2\/posts\/3130\/revisions"}],"predecessor-version":[{"id":3143,"href":"http:\/\/www.tvniederbueren.ch\/tvn\/wp\/index.php?rest_route=\/wp\/v2\/posts\/3130\/revisions\/3143"}],"wp:attachment":[{"href":"http:\/\/www.tvniederbueren.ch\/tvn\/wp\/index.php?rest_route=%2Fwp%2Fv2%2Fmedia&parent=3130"}],"wp:term":[{"taxonomy":"category","embeddable":true,"href":"http:\/\/www.tvniederbueren.ch\/tvn\/wp\/index.php?rest_route=%2Fwp%2Fv2%2Fcategories&post=3130"},{"taxonomy":"post_tag","embeddable":true,"href":"http:\/\/www.tvniederbueren.ch\/tvn\/wp\/index.php?rest_route=%2Fwp%2Fv2%2Ftags&post=3130"}],"curies":[{"name":"wp","href":"https:\/\/api.w.org\/{rel}","templated":true}]}}