{"id":3168,"date":"2024-07-22T18:26:49","date_gmt":"2024-07-22T16:26:49","guid":{"rendered":"https:\/\/www.tvniederbueren.ch\/tvn\/wp\/?p=3168"},"modified":"2024-07-22T18:26:49","modified_gmt":"2024-07-22T16:26:49","slug":"jugilager-2024","status":"publish","type":"post","link":"http:\/\/www.tvniederbueren.ch\/tvn\/wp\/?p=3168","title":{"rendered":"Jugilager 2024"},"content":{"rendered":"\n<p>Am Samstag dem 6.Juli besammelten sich 33 Jugelis und 8 Jugileiter am Bahnhof Gossau. Nach dem Verladen vom Gep\u00e4ck steuerten wir das Gleis 11 Richtung Weissbad an. Anhand von dem Gep\u00e4ck einzelner Kinder h\u00e4tte man denken k\u00f6nnen, dass das Jugilager eine Woche dauert. Im Appenzellerb\u00e4hnli Platz genommen zeigte sich die ausgeflippte Jugischar an Pr\u00e4senz und hat laut und mit Stolz das eigen umgedichtete Jugilied gesungen. In Weissbad angekommen bekamen wir einen eindr\u00fccklichen Einblick bei der Feuerwehr Schwende. Sie zeigten uns ihre Fahrzeuge mit ihrer coolen Ausstattung und Funktionen.<\/p>\n\n\n\n<!--more-->\n\n\n\n<p> Danach durften die Kinder noch einen Postenlauf absolvieren. Dabei durften sich die Kinder von einer Scheune abseilen, warme Gegenst\u00e4nde mit einer W\u00e4rmebildkamera im Lagerhaus voller k\u00fcnstlichem Rauch suchen, Wasser mit einem Wasserschlauch in eine Wanne treffen und einen Rettungsparkour bew\u00e4ltigen. Wir Jugileiter sind der Feuerwehr Schwende sehr dankbar, dass sie diesen freiwilligen Einsatz f\u00fcr uns gemacht haben. Nach dem Feuerwehrprogramm mussten wir schnell zu Abend essen, da um 18.00 Uhr das Spiel Schweiz gegen Spanien begonnen hat. Trotz all dem mitfiebern hat die Schweiz gegen Spanien verloren. Trotz der Niederlage liessen wir uns das Dessert auf der Zunge vergehen. Als auch der letzte Kr\u00fcmel vom Nachtisch gegessen wurde haben wir noch eine Miniplaybackshow veranstaltet. Diese wurde von Jordi und Manuel vorbereitet. Mit sechs verschiedenen Gruppen haben die Leiter mit der jeweiligen Gruppe einen Auftritt geplant. Die Lieder durften sich die Gruppen selbst aussuchen. Dazu musste eine Choreographie ausgedacht und ge\u00fcbt werden. Die Richtige Verkleidung konnten sich die Jugelis auch aussuchen. Die verschiedenen Gruppen haben sehr lustige und kreative Auftritte auf die Beine gestellt. Die Leiter haben unter sich spontan auch noch eine Nummer ausgedacht und die als \u00dcberraschungsact pr\u00e4sentiert. Nach der Showeinlage vom Leiterteam war es auch Zeit nach diesem langen Tag ins Bett zu gehen. Da das Wetter an diesem Tag sehr regnerisch war, und wir viel drinnen gewesen sind, waren viele der Jugelis nicht sehr m\u00fcde und haben noch lange Unsinn getrieben.<\/p>\n\n\n\n<p>Tag 2:<\/p>\n\n\n\n<p>Am Morgen um 07.30 Uhr gab es Fr\u00fchst\u00fcck. Einige der Jugelis waren noch m\u00fcde, da in der Nacht nicht sehr viel geschlafen wurde. Der Sonntag war aber trotz dessen mit vielen Aktivit\u00e4ten geplant. Nach dem Fr\u00fchst\u00fcck hat Karin ein kleines Spieltournier veranstaltet. Sie hat sich viele coole Spiele ausgedacht, die auch den Kindern Spass gemacht haben. Nach dem Spielwettkampf haben wir uns auf den Weg gemacht, um den Spielplatz Rapunzel unsicher zu machen. Das K\u00fcchenteam hat f\u00fcr alle leckeren Dip mit verschiedenem Gem\u00fcse zubereitet. Das Wetter meinte es gut mit uns, da es nur Anfangs leicht geregnet hat. Als wir den Dip fertig genossen haben hat der Regen auch schon aufgeh\u00f6rt. Danach konnten wir ohne Probleme das Schlangenbrot und die W\u00fcrste an der Grillstelle grillieren. Nach dem Essen konnte Jordi dann endlich auch am Jugilager teilnehmen. Ein paar Jugelis und Leiter haben noch R\u00e4uber und Polizisten gespielt. Als der Spielplatz unsicher genug gemacht wurde kehrten wir wieder ins Lagerhaus zur\u00fcck. Melanie organisierte einen Super 10-Kampf den wir nach dem ankommen durchgef\u00fchrt haben. Die Jugelis mussten diesen in verschiedenen 5er Gruppen bestreiten. Auch Melanie hat sich viele coole Spiele und Wettk\u00e4mpfe ausgedacht. Als der Super 10-Kampf zu Ende war hatten wir noch etwas Zeit um selbstst\u00e4ndig was zu machen. Jordi hat noch seine H\u00fcpfburg mitgenommen. Diese war vor allem bei den Kleineren ein cooler Zeitvertreib. W\u00e4hrend die \u00e4lteren eher im Zimmer geredet und getuschelt haben. ABENDESSEN!!! Um 19.00 Uhr gab es Abendessen. Marcel und Dominic haben Riz Casimir mit Poulet gekocht. Dazu gab es noch Gem\u00fcse. Das Essen im Juglilager war sehr lecker. Alle waren dankbar und haben es sehr ger\u00fchmt. Mit vollem Bauch ging es f\u00fcr einige nochmals nach draussen, auf die H\u00fcpfburg oder ins Zimmer. Nicole hat einen Lottoabend vorbereitet. Um 21.00 Uhr haben wir angefangen zu spielen. Die Jugelis waren alle sehr m\u00fcde, da sie in der letzten Nacht nicht sehr viel geschlafen haben. Aus diesen Gr\u00fcnden freuten sich einige auf das bequeme Bett.<\/p>\n\n\n\n<p>Letzter Tag:<\/p>\n\n\n\n<p>Um 07.30 Uhr gab es wieder Fr\u00fchst\u00fcck, dass von Dominic und Marcel vorbereit wurde. Nach dem Morgenessen haben wir zeitnah mit dem putzen vom Lagerhaus begonnen. Nach dem gr\u00fcndlichen Reinigen vom Lagerhaus haben wir draussen gewartet, bis wir das Haus der Besitzerin \u00fcbergeben hatten. Jordi und Manuel haben mit den Kindern spiele gespielt. Unter anderem Spielten wir Katze und Maus und \u00abBlinzerlis\u00bb. Als alles der Besitzerinn \u00fcbergeben wurde haben wir uns zu Fuss auf den Weg zu unserem obligatorischen Badibesuch gemacht. Wir sind ins Freibad Appenzell gegangen. In der \u00abBadi\u00bb haben wir uns im Wasser vergn\u00fcgt. Das Freibad Appenzell hat uns einen Grillplatz zur verf\u00fcgung gestellt. Dort haben wir leckeres Schnitzelbrot gegrillt. Nach dem Essen haben einige Fangen im Wasser gespielt. Das Fussball- und Beachvolleyball spielen war auch sehr beliebt. Nach dem Badebesuch ging das Jugilager leider auch wieder zu Ende. Wir gingen zu Fuss zum Bahnhof Appenzell. Von dort nahmen wir das Appenzellerb\u00e4hnli zur\u00fcck nach Gossau. Dort wurden die Jugelis schon sehns\u00fcchtig von den Eltern empfangen. Die Leiter haben sich nach dem Lager noch im Freizeitpark mit einem kleinen Abendessen verw\u00f6hnen lassen.<\/p>\n\n\n\n<p>Das Jugilager in Weissbad war trotz dem \u00fcberwiegend schlechten Wetter sehr cool. Die Kinder hatten viel Freude und gingen mit tollen Erinnerungen nach Hause.<\/p>\n\n\n\n<div class=\"alignnormal\"><div id=\"metaslider-id-3170\" style=\"max-width: 700px;\" class=\"ml-slider-3-104-0 metaslider metaslider-flex metaslider-3170 ml-slider has-dots-nav ms-theme-default\" role=\"region\" aria-label=\"Jugilager2024\" data-height=\"380\" data-width=\"700\">\n    <div id=\"metaslider_container_3170\">\n        <div id=\"metaslider_3170\">\n            <ul class='slides'>\n                <li style=\"display: block; width: 100%;\" class=\"slide-3180 ms-image \" aria-roledescription=\"slide\" data-date=\"2024-07-22 18:25:48\" data-filename=\"Jugilager5.jpg\" data-slide-type=\"image\"><img loading=\"lazy\" decoding=\"async\" width=\"1386\" height=\"1040\" src=\"http:\/\/www.tvniederbueren.ch\/tvn\/wp\/wp-content\/uploads\/2024\/07\/Jugilager5.jpg\" class=\"slider-3170 slide-3180 msDefaultImage\" alt=\"\" rel=\"\" title=\"Jugilager5\" style=\"margin: 0 auto; width: 72.346153846154%\" srcset=\"http:\/\/www.tvniederbueren.ch\/tvn\/wp\/wp-content\/uploads\/2024\/07\/Jugilager5.jpg 1386w, http:\/\/www.tvniederbueren.ch\/tvn\/wp\/wp-content\/uploads\/2024\/07\/Jugilager5-300x225.jpg 300w, http:\/\/www.tvniederbueren.ch\/tvn\/wp\/wp-content\/uploads\/2024\/07\/Jugilager5-1024x768.jpg 1024w, http:\/\/www.tvniederbueren.ch\/tvn\/wp\/wp-content\/uploads\/2024\/07\/Jugilager5-768x576.jpg 768w, http:\/\/www.tvniederbueren.ch\/tvn\/wp\/wp-content\/uploads\/2024\/07\/Jugilager5-400x300.jpg 400w\" sizes=\"auto, (max-width: 1386px) 100vw, 1386px\" \/><\/li>\n                <li style=\"display: none; width: 100%;\" class=\"slide-3176 ms-image \" aria-roledescription=\"slide\" data-date=\"2024-07-22 18:25:47\" data-filename=\"Jugilager1.jpg\" data-slide-type=\"image\"><img loading=\"lazy\" decoding=\"async\" width=\"1386\" height=\"924\" src=\"http:\/\/www.tvniederbueren.ch\/tvn\/wp\/wp-content\/uploads\/2024\/07\/Jugilager1.jpg\" class=\"slider-3170 slide-3176 msDefaultImage\" alt=\"\" rel=\"\" title=\"Jugilager1\" style=\"margin: 0 auto; width: 81.428571428571%\" srcset=\"http:\/\/www.tvniederbueren.ch\/tvn\/wp\/wp-content\/uploads\/2024\/07\/Jugilager1.jpg 1386w, http:\/\/www.tvniederbueren.ch\/tvn\/wp\/wp-content\/uploads\/2024\/07\/Jugilager1-300x200.jpg 300w, http:\/\/www.tvniederbueren.ch\/tvn\/wp\/wp-content\/uploads\/2024\/07\/Jugilager1-1024x683.jpg 1024w, http:\/\/www.tvniederbueren.ch\/tvn\/wp\/wp-content\/uploads\/2024\/07\/Jugilager1-768x512.jpg 768w, http:\/\/www.tvniederbueren.ch\/tvn\/wp\/wp-content\/uploads\/2024\/07\/Jugilager1-450x300.jpg 450w\" sizes=\"auto, (max-width: 1386px) 100vw, 1386px\" \/><\/li>\n                <li style=\"display: none; width: 100%;\" class=\"slide-3177 ms-image \" aria-roledescription=\"slide\" data-date=\"2024-07-22 18:25:48\" data-filename=\"Jugilager2.jpg\" data-slide-type=\"image\"><img loading=\"lazy\" decoding=\"async\" width=\"650\" height=\"866\" src=\"http:\/\/www.tvniederbueren.ch\/tvn\/wp\/wp-content\/uploads\/2024\/07\/Jugilager2.jpg\" class=\"slider-3170 slide-3177 msDefaultImage\" alt=\"\" rel=\"\" title=\"Jugilager2\" style=\"margin: 0 auto; width: 40.745628505444%\" srcset=\"http:\/\/www.tvniederbueren.ch\/tvn\/wp\/wp-content\/uploads\/2024\/07\/Jugilager2.jpg 650w, http:\/\/www.tvniederbueren.ch\/tvn\/wp\/wp-content\/uploads\/2024\/07\/Jugilager2-225x300.jpg 225w\" sizes=\"auto, (max-width: 650px) 100vw, 650px\" \/><\/li>\n                <li style=\"display: none; width: 100%;\" class=\"slide-3178 ms-image \" aria-roledescription=\"slide\" data-date=\"2024-07-22 18:25:48\" data-filename=\"Jugilager3.jpg\" data-slide-type=\"image\"><img loading=\"lazy\" decoding=\"async\" width=\"649\" height=\"866\" src=\"http:\/\/www.tvniederbueren.ch\/tvn\/wp\/wp-content\/uploads\/2024\/07\/Jugilager3.jpg\" class=\"slider-3170 slide-3178 msDefaultImage\" alt=\"\" rel=\"\" title=\"Jugilager3\" style=\"margin: 0 auto; width: 40.682942923128%\" srcset=\"http:\/\/www.tvniederbueren.ch\/tvn\/wp\/wp-content\/uploads\/2024\/07\/Jugilager3.jpg 649w, http:\/\/www.tvniederbueren.ch\/tvn\/wp\/wp-content\/uploads\/2024\/07\/Jugilager3-225x300.jpg 225w\" sizes=\"auto, (max-width: 649px) 100vw, 649px\" \/><\/li>\n                <li style=\"display: none; width: 100%;\" class=\"slide-3179 ms-image \" aria-roledescription=\"slide\" data-date=\"2024-07-22 18:25:48\" data-filename=\"Jugilager4.jpg\" data-slide-type=\"image\"><img loading=\"lazy\" decoding=\"async\" width=\"1386\" height=\"1040\" src=\"http:\/\/www.tvniederbueren.ch\/tvn\/wp\/wp-content\/uploads\/2024\/07\/Jugilager4.jpg\" class=\"slider-3170 slide-3179 msDefaultImage\" alt=\"\" rel=\"\" title=\"Jugilager4\" style=\"margin: 0 auto; width: 72.346153846154%\" srcset=\"http:\/\/www.tvniederbueren.ch\/tvn\/wp\/wp-content\/uploads\/2024\/07\/Jugilager4.jpg 1386w, http:\/\/www.tvniederbueren.ch\/tvn\/wp\/wp-content\/uploads\/2024\/07\/Jugilager4-300x225.jpg 300w, http:\/\/www.tvniederbueren.ch\/tvn\/wp\/wp-content\/uploads\/2024\/07\/Jugilager4-1024x768.jpg 1024w, http:\/\/www.tvniederbueren.ch\/tvn\/wp\/wp-content\/uploads\/2024\/07\/Jugilager4-768x576.jpg 768w, http:\/\/www.tvniederbueren.ch\/tvn\/wp\/wp-content\/uploads\/2024\/07\/Jugilager4-400x300.jpg 400w\" sizes=\"auto, (max-width: 1386px) 100vw, 1386px\" \/><\/li>\n            <\/ul>\n        <\/div>\n        \n    <\/div>\n<\/div><\/div>\n\n\n\n<p><em>Manuel M\u00fcller<\/em><\/p>\n","protected":false},"excerpt":{"rendered":"<p>Am Samstag dem 6.Juli besammelten sich 33 Jugelis und 8 Jugileiter am Bahnhof Gossau. Nach dem Verladen vom Gep\u00e4ck steuerten wir das Gleis 11 Richtung Weissbad an. Anhand von dem Gep\u00e4ck einzelner Kinder h\u00e4tte man denken k\u00f6nnen, dass das Jugilager &hellip; <a href=\"http:\/\/www.tvniederbueren.ch\/tvn\/wp\/?p=3168\">Weiterlesen <span class=\"meta-nav\">&rarr;<\/span><\/a><\/p>\n","protected":false},"author":6,"featured_media":0,"comment_status":"open","ping_status":"open","sticky":false,"template":"","format":"standard","meta":{"footnotes":""},"categories":[1],"tags":[],"class_list":["post-3168","post","type-post","status-publish","format-standard","hentry","category-tvn"],"_links":{"self":[{"href":"http:\/\/www.tvniederbueren.ch\/tvn\/wp\/index.php?rest_route=\/wp\/v2\/posts\/3168","targetHints":{"allow":["GET"]}}],"collection":[{"href":"http:\/\/www.tvniederbueren.ch\/tvn\/wp\/index.php?rest_route=\/wp\/v2\/posts"}],"about":[{"href":"http:\/\/www.tvniederbueren.ch\/tvn\/wp\/index.php?rest_route=\/wp\/v2\/types\/post"}],"author":[{"embeddable":true,"href":"http:\/\/www.tvniederbueren.ch\/tvn\/wp\/index.php?rest_route=\/wp\/v2\/users\/6"}],"replies":[{"embeddable":true,"href":"http:\/\/www.tvniederbueren.ch\/tvn\/wp\/index.php?rest_route=%2Fwp%2Fv2%2Fcomments&post=3168"}],"version-history":[{"count":2,"href":"http:\/\/www.tvniederbueren.ch\/tvn\/wp\/index.php?rest_route=\/wp\/v2\/posts\/3168\/revisions"}],"predecessor-version":[{"id":3181,"href":"http:\/\/www.tvniederbueren.ch\/tvn\/wp\/index.php?rest_route=\/wp\/v2\/posts\/3168\/revisions\/3181"}],"wp:attachment":[{"href":"http:\/\/www.tvniederbueren.ch\/tvn\/wp\/index.php?rest_route=%2Fwp%2Fv2%2Fmedia&parent=3168"}],"wp:term":[{"taxonomy":"category","embeddable":true,"href":"http:\/\/www.tvniederbueren.ch\/tvn\/wp\/index.php?rest_route=%2Fwp%2Fv2%2Fcategories&post=3168"},{"taxonomy":"post_tag","embeddable":true,"href":"http:\/\/www.tvniederbueren.ch\/tvn\/wp\/index.php?rest_route=%2Fwp%2Fv2%2Ftags&post=3168"}],"curies":[{"name":"wp","href":"https:\/\/api.w.org\/{rel}","templated":true}]}}