{"id":3195,"date":"2024-09-02T21:40:33","date_gmt":"2024-09-02T19:40:33","guid":{"rendered":"https:\/\/www.tvniederbueren.ch\/tvn\/wp\/?p=3195"},"modified":"2024-09-02T21:47:20","modified_gmt":"2024-09-02T19:47:20","slug":"jugifinal-2024-in-wittenbach","status":"publish","type":"post","link":"http:\/\/www.tvniederbueren.ch\/tvn\/wp\/?p=3195","title":{"rendered":"Jugifinal 2024 in Wittenbach"},"content":{"rendered":"\n<p>In den fr\u00fchen Morgenstunden trafen sich 42 noch etwas m\u00fcde aber motivierte Jugelis auf dem Kirchplatz in Niederb\u00fcren. Am 31. August 2024 fand der Jugifinal in Wittenbach statt, welcher durch den TSV Muolen organisiert wurde. Nach einigen runden Aufw\u00e4rmen waren die Jugelis startklar. Die Kinder absolvierten mit viel Freude, Konzentration und Ehrgeiz die Leichtathletik Disziplinen.<\/p>\n\n\n<div class=\"wp-block-image\">\n<figure class=\"aligncenter size-large is-resized\"><a href=\"https:\/\/www.tvniederbueren.ch\/tvn\/wp\/wp-content\/uploads\/2024\/09\/Jugifinal-2024-1.jpg\" rel=\"lightbox[3195]\"><img loading=\"lazy\" decoding=\"async\" width=\"1024\" height=\"768\" src=\"https:\/\/www.tvniederbueren.ch\/tvn\/wp\/wp-content\/uploads\/2024\/09\/Jugifinal-2024-1-1024x768.jpg\" alt=\"\" class=\"wp-image-3196\" style=\"width:319px;height:auto\" srcset=\"http:\/\/www.tvniederbueren.ch\/tvn\/wp\/wp-content\/uploads\/2024\/09\/Jugifinal-2024-1-1024x768.jpg 1024w, http:\/\/www.tvniederbueren.ch\/tvn\/wp\/wp-content\/uploads\/2024\/09\/Jugifinal-2024-1-300x225.jpg 300w, http:\/\/www.tvniederbueren.ch\/tvn\/wp\/wp-content\/uploads\/2024\/09\/Jugifinal-2024-1-768x576.jpg 768w, http:\/\/www.tvniederbueren.ch\/tvn\/wp\/wp-content\/uploads\/2024\/09\/Jugifinal-2024-1-400x300.jpg 400w, http:\/\/www.tvniederbueren.ch\/tvn\/wp\/wp-content\/uploads\/2024\/09\/Jugifinal-2024-1.jpg 1386w\" sizes=\"auto, (max-width: 1024px) 100vw, 1024px\" \/><\/a><\/figure>\n<\/div>\n\n\n<!--more-->\n\n\n\n<p>Am Nachmittag fanden die Gruppenwettk\u00e4mpfe statt. Sieben Niederb\u00fcrer Gruppen nahmen an der Pendelstafette teil und konnten dabei auf die lautstarke Unterst\u00fctzung der Eltern und Jugileiter z\u00e4hlen.<\/p>\n\n\n<div class=\"wp-block-image\">\n<figure class=\"alignleft size-large is-resized\"><a href=\"https:\/\/www.tvniederbueren.ch\/tvn\/wp\/wp-content\/uploads\/2024\/09\/Jugifinal-2024.jpg\" rel=\"lightbox[3195]\"><img loading=\"lazy\" decoding=\"async\" width=\"1024\" height=\"768\" src=\"https:\/\/www.tvniederbueren.ch\/tvn\/wp\/wp-content\/uploads\/2024\/09\/Jugifinal-2024-1024x768.jpg\" alt=\"\" class=\"wp-image-3198\" style=\"width:269px;height:auto\" srcset=\"http:\/\/www.tvniederbueren.ch\/tvn\/wp\/wp-content\/uploads\/2024\/09\/Jugifinal-2024-1024x768.jpg 1024w, http:\/\/www.tvniederbueren.ch\/tvn\/wp\/wp-content\/uploads\/2024\/09\/Jugifinal-2024-300x225.jpg 300w, http:\/\/www.tvniederbueren.ch\/tvn\/wp\/wp-content\/uploads\/2024\/09\/Jugifinal-2024-768x576.jpg 768w, http:\/\/www.tvniederbueren.ch\/tvn\/wp\/wp-content\/uploads\/2024\/09\/Jugifinal-2024-400x300.jpg 400w, http:\/\/www.tvniederbueren.ch\/tvn\/wp\/wp-content\/uploads\/2024\/09\/Jugifinal-2024.jpg 1386w\" sizes=\"auto, (max-width: 1024px) 100vw, 1024px\" \/><\/a><\/figure>\n<\/div>\n\n\n<p>Mit stolzen 13 Medaillen im Einzelwettkampf, zwei Podestpl\u00e4tzen im Gruppenwettkampf und vielen weiteren ausgezeichneten Leistungen machte sich die Jugi Niederb\u00fcren am fr\u00fchen Abend m\u00fcde aber sehr zufrieden auf den Heimweg.<\/p>\n\n\n\n<p><\/p>\n\n\n\n<p><\/p>\n\n\n\n<p><\/p>\n\n\n\n<p><em>*&nbsp; : &nbsp;&nbsp;&nbsp;&nbsp;&nbsp; mit Auszeichnung<\/em><\/p>\n\n\n\n<p><strong>Knaben Jahrgang 2010<\/strong><\/p>\n\n\n\n<p>3. F\u00e4rber Misha<br>4. Fischer Lean<br>5. Bernhardsgr\u00fctter Robin<\/p>\n\n\n\n<p><strong>Knaben Jahrgang 2012<\/strong><br>9. Dilitz Nevio<br>16. Keller Silvan<br>17. N\u00e4f Janis<br>19. Bernhardsgr\u00fctter Joel<\/p>\n\n\n\n<p><strong>Knaben Jahrgang 2013<\/strong><br>1. H\u00e4ne Lian<br>8. Centorame Lian<br>14. Baumann Phil<\/p>\n\n\n\n<p><strong>Knaben Jahrgang 2014<\/strong><br>3. Oberwiler Henrik<br>5. Ebneter Louis&nbsp;&nbsp;&nbsp;&nbsp;&nbsp;&nbsp;&nbsp;&nbsp;&nbsp;&nbsp;&nbsp; *<br>18. Baumann Rico<br>21. Manser Lukas<\/p>\n\n\n\n<p><strong>Knaben Jahrgang 2015<\/strong><br>2. Fischer Noel<br>3. Schlauri Sandro<br>9. Zehnder Theo<\/p>\n\n\n\n<p><strong>Knaben Jahrgang 2016<\/strong><br>9. F\u00fcrer Jonas<br>16. D\u00fcring Oskar<\/p>\n\n\n\n<p><strong>Knaben Jahrgang 2017 &#8211; 2018<\/strong><br>2. Schlauri Lars<br>5. Keller Tim<\/p>\n\n\n\n<p><strong>M\u00e4dchen Jahrgang 2010<\/strong><br>1. Keller Rahel<br>9. Schlauri Natalie<br>12. Keller Sara<\/p>\n\n\n\n<p><strong>M\u00e4dchen Jahrgang 2011<\/strong><br>1. Eisenegger Sarina<br>8. Manser Rebecca<\/p>\n\n\n\n<p><strong>M\u00e4dchen Jahrgang 2012<\/strong><br>2. Keller Lisa<br>5. F\u00fcrer Riana&nbsp;&nbsp;&nbsp;&nbsp;&nbsp;&nbsp;&nbsp;&nbsp;&nbsp;&nbsp;&nbsp;&nbsp;&nbsp;&nbsp;&nbsp; *<br>6. Brunner Elena&nbsp;&nbsp;&nbsp;&nbsp;&nbsp;&nbsp;&nbsp;&nbsp;&nbsp;&nbsp;&nbsp; *<br>16. Ledergerber Anna<br>32. Ledergerber Emelie<\/p>\n\n\n\n<p><strong>M\u00e4dchen Jahrgang 2013<\/strong><br>1. Fischer Mia<br>8. Schlauri Mona&nbsp;&nbsp;&nbsp;&nbsp;&nbsp;&nbsp;&nbsp;&nbsp;&nbsp;&nbsp;&nbsp;&nbsp; *<br>18. Piraino Sabrina<\/p>\n\n\n\n<p><strong>M\u00e4dchen Jahrgang 2014<\/strong><br>1. Wagner Emma<br>2. R\u00fcsseler Nina<br>8. Denoth Juna&nbsp;&nbsp;&nbsp;&nbsp;&nbsp;&nbsp;&nbsp;&nbsp;&nbsp;&nbsp;&nbsp;&nbsp; *<br>11. Keller Lilly<\/p>\n\n\n\n<p><strong>M\u00e4dchen Jahrgang 2016<\/strong><br>7. Schildknecht Anika *<br>17. Wagner Zoey<\/p>\n\n\n\n<p><strong>M\u00e4dchen Jahrgang 2017 \u2013 2018<\/strong><br>1. Egger Mona<br>14. Aydogan Dilara<\/p>\n\n\n\n<p><\/p>\n","protected":false},"excerpt":{"rendered":"<p>In den fr\u00fchen Morgenstunden trafen sich 42 noch etwas m\u00fcde aber motivierte Jugelis auf dem Kirchplatz in Niederb\u00fcren. Am 31. August 2024 fand der Jugifinal in Wittenbach statt, welcher durch den TSV Muolen organisiert wurde. Nach einigen runden Aufw\u00e4rmen waren &hellip; <a href=\"http:\/\/www.tvniederbueren.ch\/tvn\/wp\/?p=3195\">Weiterlesen <span class=\"meta-nav\">&rarr;<\/span><\/a><\/p>\n","protected":false},"author":6,"featured_media":0,"comment_status":"open","ping_status":"open","sticky":false,"template":"","format":"standard","meta":{"footnotes":""},"categories":[1],"tags":[],"class_list":["post-3195","post","type-post","status-publish","format-standard","hentry","category-tvn"],"_links":{"self":[{"href":"http:\/\/www.tvniederbueren.ch\/tvn\/wp\/index.php?rest_route=\/wp\/v2\/posts\/3195","targetHints":{"allow":["GET"]}}],"collection":[{"href":"http:\/\/www.tvniederbueren.ch\/tvn\/wp\/index.php?rest_route=\/wp\/v2\/posts"}],"about":[{"href":"http:\/\/www.tvniederbueren.ch\/tvn\/wp\/index.php?rest_route=\/wp\/v2\/types\/post"}],"author":[{"embeddable":true,"href":"http:\/\/www.tvniederbueren.ch\/tvn\/wp\/index.php?rest_route=\/wp\/v2\/users\/6"}],"replies":[{"embeddable":true,"href":"http:\/\/www.tvniederbueren.ch\/tvn\/wp\/index.php?rest_route=%2Fwp%2Fv2%2Fcomments&post=3195"}],"version-history":[{"count":5,"href":"http:\/\/www.tvniederbueren.ch\/tvn\/wp\/index.php?rest_route=\/wp\/v2\/posts\/3195\/revisions"}],"predecessor-version":[{"id":3204,"href":"http:\/\/www.tvniederbueren.ch\/tvn\/wp\/index.php?rest_route=\/wp\/v2\/posts\/3195\/revisions\/3204"}],"wp:attachment":[{"href":"http:\/\/www.tvniederbueren.ch\/tvn\/wp\/index.php?rest_route=%2Fwp%2Fv2%2Fmedia&parent=3195"}],"wp:term":[{"taxonomy":"category","embeddable":true,"href":"http:\/\/www.tvniederbueren.ch\/tvn\/wp\/index.php?rest_route=%2Fwp%2Fv2%2Fcategories&post=3195"},{"taxonomy":"post_tag","embeddable":true,"href":"http:\/\/www.tvniederbueren.ch\/tvn\/wp\/index.php?rest_route=%2Fwp%2Fv2%2Ftags&post=3195"}],"curies":[{"name":"wp","href":"https:\/\/api.w.org\/{rel}","templated":true}]}}