{"id":3515,"date":"2026-01-19T18:45:55","date_gmt":"2026-01-19T16:45:55","guid":{"rendered":"https:\/\/www.tvniederbueren.ch\/tvn\/wp\/?p=3515"},"modified":"2026-01-19T18:45:55","modified_gmt":"2026-01-19T16:45:55","slug":"75-hauptversammlung","status":"publish","type":"post","link":"http:\/\/www.tvniederbueren.ch\/tvn\/wp\/?p=3515","title":{"rendered":"75. Hauptversammlung"},"content":{"rendered":"\n<p>Am vergangenen Freitag fand die 75. Hauptversammlung des Turnverein Niederb\u00fcren in der Herberge statt. Pr\u00e4sident Adrian durfte dabei eine rekordverd\u00e4chtige Anzahl von neun Neumitgliedern im Verein willkommen heissen.<\/p>\n\n\n\n<p>In den Jahresberichten der Oberturner, des Jugichefs sowie des Pr\u00e4sidenten wurde das vergangene Vereinsjahr nochmals ausf\u00fchrlich Revue passiert. Zahlreiche sportliche, kameradschaftliche und organisatorische H\u00f6hepunkte zeigten eindr\u00fccklich das grosse Engagement innerhalb des Turnvereins.<\/p>\n\n\n\n<p>Nach engagierter T\u00e4tigkeit trat Oberturner Ren\u00e9 Annen von seinem Amt zur\u00fcck. Das Amt \u00fcbernimmt neu Silvan Wagner. Ebenfalls verabschiedet wurde Aktuarin Katrin Wagner, die ihr Amt an Karin Signer \u00fcbergibt. Der Verein dankt beiden herzlich f\u00fcr ihren grossen Einsatz.<\/p>\n\n\n\n<p>Ein weiterer grosser Dank gilt allen Jugileitern, Hilfsleitern sowie allen Personen, die in verschiedensten Funktionen freiwillig viele Stunden f\u00fcr den Verein investieren und damit ein aktives und abwechslungsreiches Vereinsleben erm\u00f6glichen.<\/p>\n\n\n<div class=\"wp-block-image\">\n<figure class=\"aligncenter size-large is-resized\"><a href=\"https:\/\/www.tvniederbueren.ch\/tvn\/wp\/wp-content\/uploads\/2026\/01\/WhatsApp-Image-2026-01-19-at-17.40.44.jpeg\" rel=\"lightbox[3515]\"><img loading=\"lazy\" decoding=\"async\" width=\"1024\" height=\"768\" src=\"https:\/\/www.tvniederbueren.ch\/tvn\/wp\/wp-content\/uploads\/2026\/01\/WhatsApp-Image-2026-01-19-at-17.40.44-1024x768.jpeg\" alt=\"\" class=\"wp-image-3516\" style=\"aspect-ratio:1.323554178315201;width:267px;height:auto\" srcset=\"http:\/\/www.tvniederbueren.ch\/tvn\/wp\/wp-content\/uploads\/2026\/01\/WhatsApp-Image-2026-01-19-at-17.40.44-1024x768.jpeg 1024w, http:\/\/www.tvniederbueren.ch\/tvn\/wp\/wp-content\/uploads\/2026\/01\/WhatsApp-Image-2026-01-19-at-17.40.44-300x225.jpeg 300w, http:\/\/www.tvniederbueren.ch\/tvn\/wp\/wp-content\/uploads\/2026\/01\/WhatsApp-Image-2026-01-19-at-17.40.44-768x576.jpeg 768w, http:\/\/www.tvniederbueren.ch\/tvn\/wp\/wp-content\/uploads\/2026\/01\/WhatsApp-Image-2026-01-19-at-17.40.44-1536x1152.jpeg 1536w, http:\/\/www.tvniederbueren.ch\/tvn\/wp\/wp-content\/uploads\/2026\/01\/WhatsApp-Image-2026-01-19-at-17.40.44-400x300.jpeg 400w, http:\/\/www.tvniederbueren.ch\/tvn\/wp\/wp-content\/uploads\/2026\/01\/WhatsApp-Image-2026-01-19-at-17.40.44.jpeg 2000w\" sizes=\"auto, (max-width: 1024px) 100vw, 1024px\" \/><\/a><\/figure>\n<\/div>\n\n\n<p>Der Turnverein Niederb\u00fcren blickt motiviert in die Zukunft und freut sich auf ein weiteres aktives Vereinsjahr.<\/p>\n\n\n\n<p><em>Turnverein Niederb\u00fcren<\/em><\/p>\n","protected":false},"excerpt":{"rendered":"<p>Am vergangenen Freitag fand die 75. Hauptversammlung des Turnverein Niederb\u00fcren in der Herberge statt. Pr\u00e4sident Adrian durfte dabei eine rekordverd\u00e4chtige Anzahl von neun Neumitgliedern im Verein willkommen heissen. In den Jahresberichten der Oberturner, des Jugichefs sowie des Pr\u00e4sidenten wurde das &hellip; <a href=\"http:\/\/www.tvniederbueren.ch\/tvn\/wp\/?p=3515\">Weiterlesen <span class=\"meta-nav\">&rarr;<\/span><\/a><\/p>\n","protected":false},"author":6,"featured_media":0,"comment_status":"open","ping_status":"open","sticky":false,"template":"","format":"standard","meta":{"footnotes":""},"categories":[1],"tags":[],"class_list":["post-3515","post","type-post","status-publish","format-standard","hentry","category-tvn"],"_links":{"self":[{"href":"http:\/\/www.tvniederbueren.ch\/tvn\/wp\/index.php?rest_route=\/wp\/v2\/posts\/3515","targetHints":{"allow":["GET"]}}],"collection":[{"href":"http:\/\/www.tvniederbueren.ch\/tvn\/wp\/index.php?rest_route=\/wp\/v2\/posts"}],"about":[{"href":"http:\/\/www.tvniederbueren.ch\/tvn\/wp\/index.php?rest_route=\/wp\/v2\/types\/post"}],"author":[{"embeddable":true,"href":"http:\/\/www.tvniederbueren.ch\/tvn\/wp\/index.php?rest_route=\/wp\/v2\/users\/6"}],"replies":[{"embeddable":true,"href":"http:\/\/www.tvniederbueren.ch\/tvn\/wp\/index.php?rest_route=%2Fwp%2Fv2%2Fcomments&post=3515"}],"version-history":[{"count":1,"href":"http:\/\/www.tvniederbueren.ch\/tvn\/wp\/index.php?rest_route=\/wp\/v2\/posts\/3515\/revisions"}],"predecessor-version":[{"id":3517,"href":"http:\/\/www.tvniederbueren.ch\/tvn\/wp\/index.php?rest_route=\/wp\/v2\/posts\/3515\/revisions\/3517"}],"wp:attachment":[{"href":"http:\/\/www.tvniederbueren.ch\/tvn\/wp\/index.php?rest_route=%2Fwp%2Fv2%2Fmedia&parent=3515"}],"wp:term":[{"taxonomy":"category","embeddable":true,"href":"http:\/\/www.tvniederbueren.ch\/tvn\/wp\/index.php?rest_route=%2Fwp%2Fv2%2Fcategories&post=3515"},{"taxonomy":"post_tag","embeddable":true,"href":"http:\/\/www.tvniederbueren.ch\/tvn\/wp\/index.php?rest_route=%2Fwp%2Fv2%2Ftags&post=3515"}],"curies":[{"name":"wp","href":"https:\/\/api.w.org\/{rel}","templated":true}]}}