{"id":3534,"date":"2026-01-28T00:51:25","date_gmt":"2026-01-27T22:51:25","guid":{"rendered":"https:\/\/www.tvniederbueren.ch\/tvn\/wp\/?p=3534"},"modified":"2026-02-16T13:52:26","modified_gmt":"2026-02-16T11:52:26","slug":"skiweekend-im-montafon","status":"publish","type":"post","link":"http:\/\/www.tvniederbueren.ch\/tvn\/wp\/?p=3534","title":{"rendered":"Skiweekend im Montafon"},"content":{"rendered":"\n<p>Am Freitagmorgen machten sich die angefressenen Skifahrer fr\u00fch auf den Weg ins Silvretta Montafon. P\u00fcnktlich um 8:15 Uhr trafen zwei von drei Autos an der Talstation ein. Das dritte Fahrzeug liess sich jedoch eine gute halbe Stunde Zeit \u2013 verursacht durch ein Vereinsmitglied, bei dem der Wecker eine Stunde zu sp\u00e4t geklingelt hat.<\/p>\n\n\n\n<p>Nach dem Eintreffen aller freitagsmotivierten Skifahrer ging es endlich auf die Piste. Nach ein paar ersten Schw\u00fcngen stand der wohlverdiente Zn\u00fcnihalt auf dem Programm. Das verschlafene Vereinsmitglied nutzte die Gelegenheit, sich standesgem\u00e4ss zu entschuldigen: durch das Bezahlen des gesamten Zn\u00fcnis. Zwei weitere Vereinsmitglieder opferten sich heldenhaft, um den Tisch im Bergrestaurant bis \u00fcber den Mittag hinaus zu besetzen.<\/p>\n\n\n\n<p>Nach den Nachmittagsschw\u00fcngen wurde an der Schirmbar kr\u00e4ftig konsumiert\u2013 coole pinke T-Shirts bekam man zu einer Schnapsbestellung dazu. Unten an der Talabfahrt angekommen st\u00e4rkten wir uns im von Skifahrern \u00fcberf\u00fcllten \u201eUrmonti\u201c, bevor es mit dem Bus p\u00fcnktlich zum Z&#8217;nacht-Treffpunkt mit weiteren Vereinsmitgliedern ging. Den Freitag liessen wir in der ber\u00fchmten \u201eLimo\u201c ausklingen.<\/p>\n\n\n\n<!--more-->\n\n\n\n<p>Am Samstagmorgen ging es nach dem Zmorge wieder auf die frisch pr\u00e4parierten Pisten. Dabei stiessen nochmals zwei weitere Autos voll mit Vereinsmitgliedern dazu. Am Mittag sah man sich zum ersten Mal alle gemeinsam in der \u201eNova Stuba\u201c. Bevor es wieder auf die Piste ging, musste jeder Tisch eine Idee f\u00fcr das Motto des n\u00e4chsten Unterhaltungsabends pr\u00e4sentieren &#8211; kreativ musste man sein.<\/p>\n\n\n\n<p>Der n\u00e4chste Treffpunkt war der \u201eVermala Wirt\u201c. W\u00e4hrend die M\u00e4nner ihr Bier genossen &amp; um die Wette nagelten, spielten die Frauen gemeinsam mit Urs, Gempi und Dave \u201eB\u00f6si\u201c, bis es endlich Z&#8217;nacht gab. Gut ges\u00e4ttigt startete anschliessend die n\u00e4chste T-Shirt-Kaufaktion \u2013 mit dem Ziel, dass am Ende wirklich jedes Vereinsmitglied eines trug.<\/p>\n\n\n\n<p>Um Punkt 22:00 Uhr schliesst \u201eVermala Wirt\u201c und wir mussten uns der dunklen Talabfahrt stellen. Ein Vereinsmitglied hatte dabei besonders grosse M\u00fche, sich auf den Skiern zu halten. Wie schon am Vorabend endete auch dieser Tag in der \u201eLimo\u201c.<\/p>\n\n\n\n<p>Am Sonntagmorgen ging es nach erneuter St\u00e4rkung beim Z&#8217;morgen nochmals auf die Pisten. Das Wetter zeigte sich allerdings wenig kooperativ, weshalb wir einen Grossteil der Zeit im Bergspunten verbrachten. Da das Essen in der \u201eNova Stuba\u201c am Samstag bereits \u00fcberzeugt hatte, kehrten wir am Sonntag wieder dort ein. Einige verfolgten Skirennen, andere spielten Molotow, andere machten einen Powernap.<\/p>\n\n\n\n<p>Nach dem Essen durften die motivierten Skifahrer die Pisten noch bis 14:00 Uhr geniessen, bevor die Entscheidung \u00fcber das Motto f\u00fcr den Unterhaltungsabend 2026 anstand. Dank demokratischer Abstimmung \u2013 und erstaunlich wenig Diskussionen \u2013 wurden wir uns relativ schnell einig. Einzig ein st\u00f6render \u00d6sterreicher meinte noch, uns mitteilen zu m\u00fcssen, dass Manuel Feller in Kitzb\u00fchel gewonnen hatte.<\/p>\n\n\n\n<p>F\u00fcr einen Teil der Vereinsmitglieder ging es anschliessend auf den Heimweg, w\u00e4hrend die anderen mit einer Runde Bier auf das neue Motto anstiessen. Zum Abschluss durften wir die Talabfahrt diesmal sogar bei Tageslicht erleben. Danach ging es mit den Autos zur\u00fcck nach Niederb\u00fcren \u2013 ausser f\u00fcr zwei Vereinsmitglieder, die vom Skifahren nicht genug hatten und weiter nach Schladming reisten.<\/p>\n\n\n\n<p><em>David Zeller<\/em><\/p>\n\n\n\n<div class=\"alignnormal\"><div id=\"metaslider-id-3548\" style=\"max-width: 700px;\" class=\"ml-slider-3-104-0 metaslider metaslider-flex metaslider-3548 ml-slider has-dots-nav ms-theme-default-base\" role=\"region\" aria-label=\"Skiweekend 2026\" data-height=\"380\" data-width=\"700\">\n    <div id=\"metaslider_container_3548\">\n        <div id=\"metaslider_3548\">\n            <ul aria-live='off' class='slides'>\n                <li style=\"display: block; width: 100%;\" class=\"slide-3549 ms-image \" aria-roledescription=\"slide\" data-date=\"2026-01-28 00:25:31\" data-filename=\"IMG_6596-700x380.jpeg\" data-slide-type=\"image\"><img loading=\"lazy\" decoding=\"async\" src=\"http:\/\/www.tvniederbueren.ch\/tvn\/wp\/wp-content\/uploads\/2026\/01\/IMG_6596-700x380.jpeg\" height=\"380\" width=\"700\" alt=\"\" class=\"slider-3548 slide-3549 msDefaultImage\" title=\"IMG_6596\" \/><\/li>\n                <li style=\"display: none; width: 100%;\" class=\"slide-3550 ms-image \" aria-roledescription=\"slide\" data-date=\"2026-01-28 00:25:40\" data-filename=\"IMG_6569-700x380.jpeg\" data-slide-type=\"image\"><img loading=\"lazy\" decoding=\"async\" src=\"http:\/\/www.tvniederbueren.ch\/tvn\/wp\/wp-content\/uploads\/2026\/01\/IMG_6569-700x380.jpeg\" height=\"380\" width=\"700\" alt=\"\" class=\"slider-3548 slide-3550 msDefaultImage\" title=\"IMG_6569\" \/><\/li>\n                <li style=\"display: none; width: 100%;\" class=\"slide-3551 ms-image \" aria-roledescription=\"slide\" data-date=\"2026-01-28 00:25:59\" data-filename=\"ed42def5-7280-40a5-914f-a1a9ba295595-700x380.jpeg\" data-slide-type=\"image\"><img loading=\"lazy\" decoding=\"async\" src=\"http:\/\/www.tvniederbueren.ch\/tvn\/wp\/wp-content\/uploads\/2026\/01\/ed42def5-7280-40a5-914f-a1a9ba295595-700x380.jpeg\" height=\"380\" width=\"700\" alt=\"\" class=\"slider-3548 slide-3551 msDefaultImage\" title=\"ed42def5-7280-40a5-914f-a1a9ba295595\" \/><\/li>\n                <li style=\"display: none; width: 100%;\" class=\"slide-3552 ms-image \" aria-roledescription=\"slide\" data-date=\"2026-01-28 00:26:27\" data-filename=\"BEEB8AF0-AF15-4B65-8274-0AFDD167AD37-700x380.jpg\" data-slide-type=\"image\"><img loading=\"lazy\" decoding=\"async\" src=\"http:\/\/www.tvniederbueren.ch\/tvn\/wp\/wp-content\/uploads\/2026\/01\/BEEB8AF0-AF15-4B65-8274-0AFDD167AD37-700x380.jpg\" height=\"380\" width=\"700\" alt=\"\" class=\"slider-3548 slide-3552 msDefaultImage\" title=\"BEEB8AF0-AF15-4B65-8274-0AFDD167AD37\" \/><\/li>\n                <li style=\"display: none; width: 100%;\" class=\"slide-3553 ms-image \" aria-roledescription=\"slide\" data-date=\"2026-01-28 00:26:32\" data-filename=\"67df568e-229f-4519-a4f3-3d2455bf4245-700x380.jpeg\" data-slide-type=\"image\"><img loading=\"lazy\" decoding=\"async\" src=\"http:\/\/www.tvniederbueren.ch\/tvn\/wp\/wp-content\/uploads\/2026\/01\/67df568e-229f-4519-a4f3-3d2455bf4245-700x380.jpeg\" height=\"380\" width=\"700\" alt=\"\" class=\"slider-3548 slide-3553 msDefaultImage\" title=\"67df568e-229f-4519-a4f3-3d2455bf4245\" \/><\/li>\n            <\/ul>\n        <\/div>\n        \n    <\/div>\n<\/div><\/div>\n\n\n\n<p><\/p>\n","protected":false},"excerpt":{"rendered":"<p>Am Freitagmorgen machten sich die angefressenen Skifahrer fr\u00fch auf den Weg ins Silvretta Montafon. P\u00fcnktlich um 8:15 Uhr trafen zwei von drei Autos an der Talstation ein. Das dritte Fahrzeug liess sich jedoch eine gute halbe Stunde Zeit \u2013 verursacht &hellip; <a href=\"http:\/\/www.tvniederbueren.ch\/tvn\/wp\/?p=3534\">Weiterlesen <span class=\"meta-nav\">&rarr;<\/span><\/a><\/p>\n","protected":false},"author":11,"featured_media":0,"comment_status":"open","ping_status":"open","sticky":false,"template":"","format":"standard","meta":{"footnotes":""},"categories":[1],"tags":[],"class_list":["post-3534","post","type-post","status-publish","format-standard","hentry","category-tvn"],"_links":{"self":[{"href":"http:\/\/www.tvniederbueren.ch\/tvn\/wp\/index.php?rest_route=\/wp\/v2\/posts\/3534","targetHints":{"allow":["GET"]}}],"collection":[{"href":"http:\/\/www.tvniederbueren.ch\/tvn\/wp\/index.php?rest_route=\/wp\/v2\/posts"}],"about":[{"href":"http:\/\/www.tvniederbueren.ch\/tvn\/wp\/index.php?rest_route=\/wp\/v2\/types\/post"}],"author":[{"embeddable":true,"href":"http:\/\/www.tvniederbueren.ch\/tvn\/wp\/index.php?rest_route=\/wp\/v2\/users\/11"}],"replies":[{"embeddable":true,"href":"http:\/\/www.tvniederbueren.ch\/tvn\/wp\/index.php?rest_route=%2Fwp%2Fv2%2Fcomments&post=3534"}],"version-history":[{"count":22,"href":"http:\/\/www.tvniederbueren.ch\/tvn\/wp\/index.php?rest_route=\/wp\/v2\/posts\/3534\/revisions"}],"predecessor-version":[{"id":3581,"href":"http:\/\/www.tvniederbueren.ch\/tvn\/wp\/index.php?rest_route=\/wp\/v2\/posts\/3534\/revisions\/3581"}],"wp:attachment":[{"href":"http:\/\/www.tvniederbueren.ch\/tvn\/wp\/index.php?rest_route=%2Fwp%2Fv2%2Fmedia&parent=3534"}],"wp:term":[{"taxonomy":"category","embeddable":true,"href":"http:\/\/www.tvniederbueren.ch\/tvn\/wp\/index.php?rest_route=%2Fwp%2Fv2%2Fcategories&post=3534"},{"taxonomy":"post_tag","embeddable":true,"href":"http:\/\/www.tvniederbueren.ch\/tvn\/wp\/index.php?rest_route=%2Fwp%2Fv2%2Ftags&post=3534"}],"curies":[{"name":"wp","href":"https:\/\/api.w.org\/{rel}","templated":true}]}}