{"id":3597,"date":"2026-04-27T12:03:44","date_gmt":"2026-04-27T10:03:44","guid":{"rendered":"https:\/\/www.tvniederbueren.ch\/tvn\/wp\/?p=3597"},"modified":"2026-04-27T12:05:12","modified_gmt":"2026-04-27T10:05:12","slug":"jugi-helferausflug-sportfest-2025-ab-ins-connyland","status":"publish","type":"post","link":"https:\/\/www.tvniederbueren.ch\/tvn\/wp\/?p=3597","title":{"rendered":"Jugi-Helferausflug Sportfest 2025 \u2013 ab ins Connyland!"},"content":{"rendered":"\n<p>Da unsere Jugelis fleissig und motiviert am Sportfest 2025 in Niederb\u00fcren mitgeholfen haben, wartete als Dankesch\u00f6n ein ganz besonderer \u00dcberraschungsausflug auf sie. <\/p>\n\n\n\n<p>Am Sonntagmorgen trafen sich rund 51 Jugelis voller Vorfreude vor der Turnhalle in Niederb\u00fcren. Wohin es geht, wussten sie noch nicht, umso gr\u00f6sser war die Freude, als es dann hiess: ab nach Lipperswil ins Connyland!<\/p>\n\n\n\n<p>Kaum angekommen, ging es auch schon los: Die Kinder st\u00fcrmten begeistert los und wussten gar nicht, welche Bahn sie zuerst ausprobieren sollten. Ob Achterbahn, Wasserattraktion oder Seel\u00f6wen-Show, es war f\u00fcr alle etwas dabei und der Spass war riesig.<\/p>\n\n\n\n<p>Zum Zmittag gab es f\u00fcr alle eine feine Bratwurst mit B\u00fcrli bei der Grillstelle. Nat\u00fcrlich war auch f\u00fcr gen\u00fcgend Zwischenverpflegung gesorgt, damit alle genug Energie f\u00fcr die weiteren Runden Action hatten. Nicht nur die Jugelis, sondern auch die Leiterinnen und Leiter hatten sichtlich Freude am Tag.<\/p>\n\n\n\n<p>Auch das Wetter spielte perfekt mit, Sonnenschein und gute Laune den ganzen Tag! Um 15.30 Uhr machten wir uns dann m\u00fcde, aber gl\u00fccklich, wieder auf den Heimweg. Ein gelungener Ausflug, der bestimmt noch lange in Erinnerung bleibt!<\/p>\n\n\n\n<figure class=\"wp-block-image size-large is-resized\"><a href=\"https:\/\/www.tvniederbueren.ch\/tvn\/wp\/wp-content\/uploads\/2026\/04\/WhatsApp-Image-2026-04-26-at-21.33.15-1.jpeg\" rel=\"lightbox[3597]\"><img loading=\"lazy\" decoding=\"async\" width=\"1024\" height=\"674\" src=\"https:\/\/www.tvniederbueren.ch\/tvn\/wp\/wp-content\/uploads\/2026\/04\/WhatsApp-Image-2026-04-26-at-21.33.15-1-1024x674.jpeg\" alt=\"\" class=\"wp-image-3613\" style=\"aspect-ratio:1.5023703930264567;width:482px;height:auto\" srcset=\"https:\/\/www.tvniederbueren.ch\/tvn\/wp\/wp-content\/uploads\/2026\/04\/WhatsApp-Image-2026-04-26-at-21.33.15-1-1024x674.jpeg 1024w, https:\/\/www.tvniederbueren.ch\/tvn\/wp\/wp-content\/uploads\/2026\/04\/WhatsApp-Image-2026-04-26-at-21.33.15-1-300x198.jpeg 300w, https:\/\/www.tvniederbueren.ch\/tvn\/wp\/wp-content\/uploads\/2026\/04\/WhatsApp-Image-2026-04-26-at-21.33.15-1-768x506.jpeg 768w, https:\/\/www.tvniederbueren.ch\/tvn\/wp\/wp-content\/uploads\/2026\/04\/WhatsApp-Image-2026-04-26-at-21.33.15-1-456x300.jpeg 456w, https:\/\/www.tvniederbueren.ch\/tvn\/wp\/wp-content\/uploads\/2026\/04\/WhatsApp-Image-2026-04-26-at-21.33.15-1.jpeg 1200w\" sizes=\"auto, (max-width: 1024px) 100vw, 1024px\" \/><\/a><\/figure>\n\n\n\n<p><em>Melanie Keller<\/em><\/p>\n","protected":false},"excerpt":{"rendered":"<p>Da unsere Jugelis fleissig und motiviert am Sportfest 2025 in Niederb\u00fcren mitgeholfen haben, wartete als Dankesch\u00f6n ein ganz besonderer \u00dcberraschungsausflug auf sie. Am Sonntagmorgen trafen sich rund 51 Jugelis voller Vorfreude vor der Turnhalle in Niederb\u00fcren. Wohin es geht, wussten &hellip; <a href=\"https:\/\/www.tvniederbueren.ch\/tvn\/wp\/?p=3597\">Weiterlesen <span class=\"meta-nav\">&rarr;<\/span><\/a><\/p>\n","protected":false},"author":11,"featured_media":0,"comment_status":"open","ping_status":"open","sticky":false,"template":"","format":"standard","meta":{"footnotes":""},"categories":[1],"tags":[],"class_list":["post-3597","post","type-post","status-publish","format-standard","hentry","category-tvn"],"_links":{"self":[{"href":"https:\/\/www.tvniederbueren.ch\/tvn\/wp\/index.php?rest_route=\/wp\/v2\/posts\/3597","targetHints":{"allow":["GET"]}}],"collection":[{"href":"https:\/\/www.tvniederbueren.ch\/tvn\/wp\/index.php?rest_route=\/wp\/v2\/posts"}],"about":[{"href":"https:\/\/www.tvniederbueren.ch\/tvn\/wp\/index.php?rest_route=\/wp\/v2\/types\/post"}],"author":[{"embeddable":true,"href":"https:\/\/www.tvniederbueren.ch\/tvn\/wp\/index.php?rest_route=\/wp\/v2\/users\/11"}],"replies":[{"embeddable":true,"href":"https:\/\/www.tvniederbueren.ch\/tvn\/wp\/index.php?rest_route=%2Fwp%2Fv2%2Fcomments&post=3597"}],"version-history":[{"count":3,"href":"https:\/\/www.tvniederbueren.ch\/tvn\/wp\/index.php?rest_route=\/wp\/v2\/posts\/3597\/revisions"}],"predecessor-version":[{"id":3614,"href":"https:\/\/www.tvniederbueren.ch\/tvn\/wp\/index.php?rest_route=\/wp\/v2\/posts\/3597\/revisions\/3614"}],"wp:attachment":[{"href":"https:\/\/www.tvniederbueren.ch\/tvn\/wp\/index.php?rest_route=%2Fwp%2Fv2%2Fmedia&parent=3597"}],"wp:term":[{"taxonomy":"category","embeddable":true,"href":"https:\/\/www.tvniederbueren.ch\/tvn\/wp\/index.php?rest_route=%2Fwp%2Fv2%2Fcategories&post=3597"},{"taxonomy":"post_tag","embeddable":true,"href":"https:\/\/www.tvniederbueren.ch\/tvn\/wp\/index.php?rest_route=%2Fwp%2Fv2%2Ftags&post=3597"}],"curies":[{"name":"wp","href":"https:\/\/api.w.org\/{rel}","templated":true}]}}